{"id":7465,"date":"2026-05-01T09:04:52","date_gmt":"2026-05-01T12:04:52","guid":{"rendered":"https:\/\/podcafenews.com.br\/site\/?p=7465"},"modified":"2026-05-01T09:07:45","modified_gmt":"2026-05-01T12:07:45","slug":"itanhem-esta-entre-os-municipios-que-receberao-novos-veiculos-para-o-sus","status":"publish","type":"post","link":"https:\/\/podcafenews.com.br\/site\/2026\/05\/01\/itanhem-esta-entre-os-municipios-que-receberao-novos-veiculos-para-o-sus\/","title":{"rendered":"Itanh\u00e9m est\u00e1 entre os munic\u00edpios que receber\u00e3o novos ve\u00edculos para o SUS"},"content":{"rendered":"\n<p class=\"\">O munic\u00edpio de Itanh\u00e9m est\u00e1 entre os contemplados com a nova frota de ve\u00edculos que o Minist\u00e9rio da Sa\u00fade come\u00e7ou a entregar em todo o pa\u00eds para fortalecer o atendimento do Sistema \u00danico de Sa\u00fade (SUS).<\/p>\n\n\n\n<p class=\"\">Ao todo, ser\u00e3o distribu\u00eddos cerca de 3,3 mil ve\u00edculos, entre ambul\u00e2ncias, vans e micro-\u00f4nibus, com o objetivo de garantir o transporte de pacientes que precisam se deslocar para consultas, exames e tratamentos em outras cidades. <\/p>\n\n\n\n<figure class=\"wp-block-image size-full\"><img fetchpriority=\"high\" decoding=\"async\" width=\"750\" height=\"463\" src=\"https:\/\/podcafenews.com.br\/site\/wp-content\/uploads\/2025\/09\/Clinica-Sao-Luiz-1.jpg\" alt=\"\" class=\"wp-image-5142\" srcset=\"https:\/\/podcafenews.com.br\/site\/wp-content\/uploads\/2025\/09\/Clinica-Sao-Luiz-1.jpg 750w, https:\/\/podcafenews.com.br\/site\/wp-content\/uploads\/2025\/09\/Clinica-Sao-Luiz-1-300x185.jpg 300w\" sizes=\"(max-width: 750px) 100vw, 750px\" \/><\/figure>\n\n\n\n<p class=\"\"><\/p>\n\n\n\n<p class=\"\">A iniciativa faz parte do programa Agora Tem Especialistas \u2013 Caminhos da Sa\u00fade, que busca reduzir um dos principais desafios enfrentados pelos usu\u00e1rios do SUS: a dist\u00e2ncia at\u00e9 servi\u00e7os de m\u00e9dia e alta complexidade. <\/p>\n\n\n\n<p class=\"\">Com investimento de aproximadamente R$ 1,4 bilh\u00e3o, a a\u00e7\u00e3o pretende dar mais dignidade, seguran\u00e7a e continuidade aos tratamentos, especialmente para pacientes que percorrem longas dist\u00e2ncias para terapias como hemodi\u00e1lise e tratamento contra o c\u00e2ncer.<\/p>\n\n\n\n<figure class=\"wp-block-image size-full\"><img decoding=\"async\" width=\"539\" height=\"543\" src=\"https:\/\/podcafenews.com.br\/site\/wp-content\/uploads\/2025\/07\/IMG-20250723-WA0482.jpg\" alt=\"\" class=\"wp-image-4407\" srcset=\"https:\/\/podcafenews.com.br\/site\/wp-content\/uploads\/2025\/07\/IMG-20250723-WA0482.jpg 539w, https:\/\/podcafenews.com.br\/site\/wp-content\/uploads\/2025\/07\/IMG-20250723-WA0482-298x300.jpg 298w, https:\/\/podcafenews.com.br\/site\/wp-content\/uploads\/2025\/07\/IMG-20250723-WA0482-150x150.jpg 150w, https:\/\/podcafenews.com.br\/site\/wp-content\/uploads\/2025\/07\/IMG-20250723-WA0482-75x75.jpg 75w\" sizes=\"(max-width: 539px) 100vw, 539px\" \/><\/figure>\n\n\n\n<p class=\"\"><\/p>\n\n\n\n<p class=\"\"><strong>Para o prefeito Bemtivi, a conquista representa um avan\u00e7o importante para o munic\u00edpio: <\/strong><\/p>\n\n\n\n<p class=\"\"><strong>\u201cEssa \u00e9 uma conquista muito importante para Itanh\u00e9m. Sabemos das dificuldades que muitos pacientes enfrentam para se deslocar em busca de atendimento, e esse novo ve\u00edculo vai garantir mais conforto, seguran\u00e7a e dignidade para nossa popula\u00e7\u00e3o. Seguimos trabalhando para fortalecer cada vez mais a sa\u00fade do nosso munic\u00edpio.\u201d<\/strong><\/p>\n\n\n\n<p class=\"\">A chegada desses ve\u00edculos deve representar um avan\u00e7o importante para Itanh\u00e9m e regi\u00e3o, facilitando o acesso da popula\u00e7\u00e3o aos servi\u00e7os de sa\u00fade e melhorando a log\u00edstica do atendimento p\u00fablico.<\/p>\n","protected":false},"excerpt":{"rendered":"<p>O munic\u00edpio de Itanh\u00e9m est\u00e1 entre os contemplados com a nova frota de ve\u00edculos que o Minist\u00e9rio da Sa\u00fade come\u00e7ou a entregar em todo o pa\u00eds para fortalecer o atendimento do Sistema \u00danico de Sa\u00fade (SUS). Ao todo, ser\u00e3o distribu\u00eddos cerca de 3,3 mil ve\u00edculos, entre ambul\u00e2ncias, vans e micro-\u00f4nibus, com o objetivo de garantir [&hellip;]<\/p>\n","protected":false},"author":1,"featured_media":7466,"comment_status":"open","ping_status":"open","sticky":false,"template":"","format":"standard","meta":{"nf_dc_page":"","footnotes":""},"categories":[71],"tags":[],"class_list":["post-7465","post","type-post","status-publish","format-standard","has-post-thumbnail","hentry","category-saude"],"yoast_head":"<!-- This site is optimized with the Yoast SEO Premium plugin v26.5 (Yoast SEO v27.4) - https:\/\/yoast.com\/product\/yoast-seo-premium-wordpress\/ -->\n<title>Itanh\u00e9m est\u00e1 entre os munic\u00edpios que receber\u00e3o novos ve\u00edculos para o SUS - PodCaf\u00e9 News<\/title>\n<meta name=\"robots\" content=\"index, follow, max-snippet:-1, max-image-preview:large, max-video-preview:-1\" \/>\n<link rel=\"canonical\" href=\"https:\/\/podcafenews.com.br\/site\/2026\/05\/01\/itanhem-esta-entre-os-municipios-que-receberao-novos-veiculos-para-o-sus\/\" \/>\n<meta property=\"og:locale\" content=\"pt_BR\" \/>\n<meta property=\"og:type\" content=\"article\" \/>\n<meta property=\"og:title\" content=\"Itanh\u00e9m est\u00e1 entre os munic\u00edpios que receber\u00e3o novos ve\u00edculos para o SUS\" \/>\n<meta property=\"og:description\" content=\"O munic\u00edpio de Itanh\u00e9m est\u00e1 entre os contemplados com a nova frota de ve\u00edculos que o Minist\u00e9rio da Sa\u00fade come\u00e7ou a entregar em todo o pa\u00eds para fortalecer o atendimento do Sistema \u00danico de Sa\u00fade (SUS). Ao todo, ser\u00e3o distribu\u00eddos cerca de 3,3 mil ve\u00edculos, entre ambul\u00e2ncias, vans e micro-\u00f4nibus, com o objetivo de garantir [&hellip;]\" \/>\n<meta property=\"og:url\" content=\"https:\/\/podcafenews.com.br\/site\/2026\/05\/01\/itanhem-esta-entre-os-municipios-que-receberao-novos-veiculos-para-o-sus\/\" \/>\n<meta property=\"og:site_name\" content=\"PodCaf\u00e9 News\" \/>\n<meta property=\"article:published_time\" content=\"2026-05-01T12:04:52+00:00\" \/>\n<meta property=\"article:modified_time\" content=\"2026-05-01T12:07:45+00:00\" \/>\n<meta property=\"og:image\" content=\"https:\/\/podcafenews.com.br\/site\/wp-content\/uploads\/2026\/05\/IMG-20260501-WA0039.jpg\" \/>\n\t<meta property=\"og:image:width\" content=\"768\" \/>\n\t<meta property=\"og:image:height\" content=\"354\" \/>\n\t<meta property=\"og:image:type\" content=\"image\/jpeg\" \/>\n<meta name=\"author\" content=\"Jan Cl\u00e9sio Pires\" \/>\n<meta name=\"twitter:card\" content=\"summary_large_image\" \/>\n<meta name=\"twitter:label1\" content=\"Escrito por\" \/>\n\t<meta name=\"twitter:data1\" content=\"Jan Cl\u00e9sio Pires\" \/>\n\t<meta name=\"twitter:label2\" content=\"Est. tempo de leitura\" \/>\n\t<meta name=\"twitter:data2\" content=\"2 minutos\" \/>\n<script type=\"application\/ld+json\" class=\"yoast-schema-graph\">{\"@context\":\"https:\\\/\\\/schema.org\",\"@graph\":[{\"@type\":\"NewsArticle\",\"@id\":\"https:\\\/\\\/podcafenews.com.br\\\/site\\\/2026\\\/05\\\/01\\\/itanhem-esta-entre-os-municipios-que-receberao-novos-veiculos-para-o-sus\\\/#article\",\"isPartOf\":{\"@id\":\"https:\\\/\\\/podcafenews.com.br\\\/site\\\/2026\\\/05\\\/01\\\/itanhem-esta-entre-os-municipios-que-receberao-novos-veiculos-para-o-sus\\\/\"},\"author\":{\"name\":\"Jan Cl\u00e9sio Pires\",\"@id\":\"https:\\\/\\\/podcafenews.com.br\\\/site\\\/#\\\/schema\\\/person\\\/a1182c3822081a87fc294d4da23a6db2\"},\"headline\":\"Itanh\u00e9m est\u00e1 entre os munic\u00edpios que receber\u00e3o novos ve\u00edculos para o SUS\",\"datePublished\":\"2026-05-01T12:04:52+00:00\",\"dateModified\":\"2026-05-01T12:07:45+00:00\",\"mainEntityOfPage\":{\"@id\":\"https:\\\/\\\/podcafenews.com.br\\\/site\\\/2026\\\/05\\\/01\\\/itanhem-esta-entre-os-municipios-que-receberao-novos-veiculos-para-o-sus\\\/\"},\"wordCount\":282,\"commentCount\":1,\"publisher\":{\"@id\":\"https:\\\/\\\/podcafenews.com.br\\\/site\\\/#organization\"},\"image\":{\"@id\":\"https:\\\/\\\/podcafenews.com.br\\\/site\\\/2026\\\/05\\\/01\\\/itanhem-esta-entre-os-municipios-que-receberao-novos-veiculos-para-o-sus\\\/#primaryimage\"},\"thumbnailUrl\":\"https:\\\/\\\/podcafenews.com.br\\\/site\\\/wp-content\\\/uploads\\\/2026\\\/05\\\/IMG-20260501-WA0039.jpg\",\"articleSection\":[\"Sa\u00fade\"],\"inLanguage\":\"pt-BR\",\"potentialAction\":[{\"@type\":\"CommentAction\",\"name\":\"Comment\",\"target\":[\"https:\\\/\\\/podcafenews.com.br\\\/site\\\/2026\\\/05\\\/01\\\/itanhem-esta-entre-os-municipios-que-receberao-novos-veiculos-para-o-sus\\\/#respond\"]}]},{\"@type\":\"WebPage\",\"@id\":\"https:\\\/\\\/podcafenews.com.br\\\/site\\\/2026\\\/05\\\/01\\\/itanhem-esta-entre-os-municipios-que-receberao-novos-veiculos-para-o-sus\\\/\",\"url\":\"https:\\\/\\\/podcafenews.com.br\\\/site\\\/2026\\\/05\\\/01\\\/itanhem-esta-entre-os-municipios-que-receberao-novos-veiculos-para-o-sus\\\/\",\"name\":\"Itanh\u00e9m est\u00e1 entre os munic\u00edpios que receber\u00e3o novos ve\u00edculos para o SUS - PodCaf\u00e9 News\",\"isPartOf\":{\"@id\":\"https:\\\/\\\/podcafenews.com.br\\\/site\\\/#website\"},\"primaryImageOfPage\":{\"@id\":\"https:\\\/\\\/podcafenews.com.br\\\/site\\\/2026\\\/05\\\/01\\\/itanhem-esta-entre-os-municipios-que-receberao-novos-veiculos-para-o-sus\\\/#primaryimage\"},\"image\":{\"@id\":\"https:\\\/\\\/podcafenews.com.br\\\/site\\\/2026\\\/05\\\/01\\\/itanhem-esta-entre-os-municipios-que-receberao-novos-veiculos-para-o-sus\\\/#primaryimage\"},\"thumbnailUrl\":\"https:\\\/\\\/podcafenews.com.br\\\/site\\\/wp-content\\\/uploads\\\/2026\\\/05\\\/IMG-20260501-WA0039.jpg\",\"datePublished\":\"2026-05-01T12:04:52+00:00\",\"dateModified\":\"2026-05-01T12:07:45+00:00\",\"breadcrumb\":{\"@id\":\"https:\\\/\\\/podcafenews.com.br\\\/site\\\/2026\\\/05\\\/01\\\/itanhem-esta-entre-os-municipios-que-receberao-novos-veiculos-para-o-sus\\\/#breadcrumb\"},\"inLanguage\":\"pt-BR\",\"potentialAction\":[{\"@type\":\"ReadAction\",\"target\":[\"https:\\\/\\\/podcafenews.com.br\\\/site\\\/2026\\\/05\\\/01\\\/itanhem-esta-entre-os-municipios-que-receberao-novos-veiculos-para-o-sus\\\/\"]}]},{\"@type\":\"ImageObject\",\"inLanguage\":\"pt-BR\",\"@id\":\"https:\\\/\\\/podcafenews.com.br\\\/site\\\/2026\\\/05\\\/01\\\/itanhem-esta-entre-os-municipios-que-receberao-novos-veiculos-para-o-sus\\\/#primaryimage\",\"url\":\"https:\\\/\\\/podcafenews.com.br\\\/site\\\/wp-content\\\/uploads\\\/2026\\\/05\\\/IMG-20260501-WA0039.jpg\",\"contentUrl\":\"https:\\\/\\\/podcafenews.com.br\\\/site\\\/wp-content\\\/uploads\\\/2026\\\/05\\\/IMG-20260501-WA0039.jpg\",\"width\":768,\"height\":354},{\"@type\":\"BreadcrumbList\",\"@id\":\"https:\\\/\\\/podcafenews.com.br\\\/site\\\/2026\\\/05\\\/01\\\/itanhem-esta-entre-os-municipios-que-receberao-novos-veiculos-para-o-sus\\\/#breadcrumb\",\"itemListElement\":[{\"@type\":\"ListItem\",\"position\":1,\"name\":\"In\u00edcio\",\"item\":\"https:\\\/\\\/podcafenews.com.br\\\/site\\\/\"},{\"@type\":\"ListItem\",\"position\":2,\"name\":\"Itanh\u00e9m est\u00e1 entre os munic\u00edpios que receber\u00e3o novos ve\u00edculos para o SUS\"}]},{\"@type\":\"WebSite\",\"@id\":\"https:\\\/\\\/podcafenews.com.br\\\/site\\\/#website\",\"url\":\"https:\\\/\\\/podcafenews.com.br\\\/site\\\/\",\"name\":\"PodCaf\u00e9 News\",\"description\":\"De Itanh\u00e9m para o mundo\",\"publisher\":{\"@id\":\"https:\\\/\\\/podcafenews.com.br\\\/site\\\/#organization\"},\"potentialAction\":[{\"@type\":\"SearchAction\",\"target\":{\"@type\":\"EntryPoint\",\"urlTemplate\":\"https:\\\/\\\/podcafenews.com.br\\\/site\\\/?s={search_term_string}\"},\"query-input\":{\"@type\":\"PropertyValueSpecification\",\"valueRequired\":true,\"valueName\":\"search_term_string\"}}],\"inLanguage\":\"pt-BR\"},{\"@type\":\"Organization\",\"@id\":\"https:\\\/\\\/podcafenews.com.br\\\/site\\\/#organization\",\"name\":\"PodCaf\u00e9 News\",\"url\":\"https:\\\/\\\/podcafenews.com.br\\\/site\\\/\",\"logo\":{\"@type\":\"ImageObject\",\"inLanguage\":\"pt-BR\",\"@id\":\"https:\\\/\\\/podcafenews.com.br\\\/site\\\/#\\\/schema\\\/logo\\\/image\\\/\",\"url\":\"https:\\\/\\\/podcafenews.com.br\\\/site\\\/wp-content\\\/uploads\\\/2025\\\/02\\\/logomarca_podcafenews_preto.png\",\"contentUrl\":\"https:\\\/\\\/podcafenews.com.br\\\/site\\\/wp-content\\\/uploads\\\/2025\\\/02\\\/logomarca_podcafenews_preto.png\",\"width\":2128,\"height\":594,\"caption\":\"PodCaf\u00e9 News\"},\"image\":{\"@id\":\"https:\\\/\\\/podcafenews.com.br\\\/site\\\/#\\\/schema\\\/logo\\\/image\\\/\"},\"sameAs\":[\"https:\\\/\\\/www.instagram.com\\\/podcafe_oficial\",\"https:\\\/\\\/www.youtube.com\\\/@PodCafe_oficial\"],\"description\":\"O Pod Caf\u00e9 News \u00e9 uma p\u00e1gina de not\u00edcias. Informa\u00e7\u00e3o e entretenimento de maneira \u00e1gil, leve e agrad\u00e1vel para o internauta.\",\"numberOfEmployees\":{\"@type\":\"QuantitativeValue\",\"minValue\":\"1\",\"maxValue\":\"10\"}},{\"@type\":\"Person\",\"@id\":\"https:\\\/\\\/podcafenews.com.br\\\/site\\\/#\\\/schema\\\/person\\\/a1182c3822081a87fc294d4da23a6db2\",\"name\":\"Jan Cl\u00e9sio Pires\",\"image\":{\"@type\":\"ImageObject\",\"inLanguage\":\"pt-BR\",\"@id\":\"https:\\\/\\\/secure.gravatar.com\\\/avatar\\\/000d9b341117d88687388bec1510d70739bbc7d8a41a6b66721a3c2d79c0b105?s=96&d=mm&r=g\",\"url\":\"https:\\\/\\\/secure.gravatar.com\\\/avatar\\\/000d9b341117d88687388bec1510d70739bbc7d8a41a6b66721a3c2d79c0b105?s=96&d=mm&r=g\",\"contentUrl\":\"https:\\\/\\\/secure.gravatar.com\\\/avatar\\\/000d9b341117d88687388bec1510d70739bbc7d8a41a6b66721a3c2d79c0b105?s=96&d=mm&r=g\",\"caption\":\"Jan Cl\u00e9sio Pires\"},\"description\":\"Formado em Administra\u00e7\u00e3o de Empresas com habilita\u00e7\u00e3o em Marketing pela FASB - Faculdades do Sul da Bahia (Teixeira de Freitas \u2013 Ba) e P\u00f3s Graduado em Gest\u00e3o da Comunica\u00e7\u00e3o e Marketing Institucional pela UCB \u2013 Universidade Castelo Branco (Rio de Janeiro \u2013 RJ)\",\"sameAs\":[\"https:\\\/\\\/podcafenews.com.br\\\/site\"],\"url\":\"https:\\\/\\\/podcafenews.com.br\\\/site\\\/author\\\/admin\\\/\"}]}<\/script>\n<!-- \/ Yoast SEO Premium plugin. -->","yoast_head_json":{"title":"Itanh\u00e9m est\u00e1 entre os munic\u00edpios que receber\u00e3o novos ve\u00edculos para o SUS - PodCaf\u00e9 News","robots":{"index":"index","follow":"follow","max-snippet":"max-snippet:-1","max-image-preview":"max-image-preview:large","max-video-preview":"max-video-preview:-1"},"canonical":"https:\/\/podcafenews.com.br\/site\/2026\/05\/01\/itanhem-esta-entre-os-municipios-que-receberao-novos-veiculos-para-o-sus\/","og_locale":"pt_BR","og_type":"article","og_title":"Itanh\u00e9m est\u00e1 entre os munic\u00edpios que receber\u00e3o novos ve\u00edculos para o SUS","og_description":"O munic\u00edpio de Itanh\u00e9m est\u00e1 entre os contemplados com a nova frota de ve\u00edculos que o Minist\u00e9rio da Sa\u00fade come\u00e7ou a entregar em todo o pa\u00eds para fortalecer o atendimento do Sistema \u00danico de Sa\u00fade (SUS). Ao todo, ser\u00e3o distribu\u00eddos cerca de 3,3 mil ve\u00edculos, entre ambul\u00e2ncias, vans e micro-\u00f4nibus, com o objetivo de garantir [&hellip;]","og_url":"https:\/\/podcafenews.com.br\/site\/2026\/05\/01\/itanhem-esta-entre-os-municipios-que-receberao-novos-veiculos-para-o-sus\/","og_site_name":"PodCaf\u00e9 News","article_published_time":"2026-05-01T12:04:52+00:00","article_modified_time":"2026-05-01T12:07:45+00:00","og_image":[{"width":768,"height":354,"url":"https:\/\/podcafenews.com.br\/site\/wp-content\/uploads\/2026\/05\/IMG-20260501-WA0039.jpg","type":"image\/jpeg"}],"author":"Jan Cl\u00e9sio Pires","twitter_card":"summary_large_image","twitter_misc":{"Escrito por":"Jan Cl\u00e9sio Pires","Est. tempo de leitura":"2 minutos"},"schema":{"@context":"https:\/\/schema.org","@graph":[{"@type":"NewsArticle","@id":"https:\/\/podcafenews.com.br\/site\/2026\/05\/01\/itanhem-esta-entre-os-municipios-que-receberao-novos-veiculos-para-o-sus\/#article","isPartOf":{"@id":"https:\/\/podcafenews.com.br\/site\/2026\/05\/01\/itanhem-esta-entre-os-municipios-que-receberao-novos-veiculos-para-o-sus\/"},"author":{"name":"Jan Cl\u00e9sio Pires","@id":"https:\/\/podcafenews.com.br\/site\/#\/schema\/person\/a1182c3822081a87fc294d4da23a6db2"},"headline":"Itanh\u00e9m est\u00e1 entre os munic\u00edpios que receber\u00e3o novos ve\u00edculos para o SUS","datePublished":"2026-05-01T12:04:52+00:00","dateModified":"2026-05-01T12:07:45+00:00","mainEntityOfPage":{"@id":"https:\/\/podcafenews.com.br\/site\/2026\/05\/01\/itanhem-esta-entre-os-municipios-que-receberao-novos-veiculos-para-o-sus\/"},"wordCount":282,"commentCount":1,"publisher":{"@id":"https:\/\/podcafenews.com.br\/site\/#organization"},"image":{"@id":"https:\/\/podcafenews.com.br\/site\/2026\/05\/01\/itanhem-esta-entre-os-municipios-que-receberao-novos-veiculos-para-o-sus\/#primaryimage"},"thumbnailUrl":"https:\/\/podcafenews.com.br\/site\/wp-content\/uploads\/2026\/05\/IMG-20260501-WA0039.jpg","articleSection":["Sa\u00fade"],"inLanguage":"pt-BR","potentialAction":[{"@type":"CommentAction","name":"Comment","target":["https:\/\/podcafenews.com.br\/site\/2026\/05\/01\/itanhem-esta-entre-os-municipios-que-receberao-novos-veiculos-para-o-sus\/#respond"]}]},{"@type":"WebPage","@id":"https:\/\/podcafenews.com.br\/site\/2026\/05\/01\/itanhem-esta-entre-os-municipios-que-receberao-novos-veiculos-para-o-sus\/","url":"https:\/\/podcafenews.com.br\/site\/2026\/05\/01\/itanhem-esta-entre-os-municipios-que-receberao-novos-veiculos-para-o-sus\/","name":"Itanh\u00e9m est\u00e1 entre os munic\u00edpios que receber\u00e3o novos ve\u00edculos para o SUS - PodCaf\u00e9 News","isPartOf":{"@id":"https:\/\/podcafenews.com.br\/site\/#website"},"primaryImageOfPage":{"@id":"https:\/\/podcafenews.com.br\/site\/2026\/05\/01\/itanhem-esta-entre-os-municipios-que-receberao-novos-veiculos-para-o-sus\/#primaryimage"},"image":{"@id":"https:\/\/podcafenews.com.br\/site\/2026\/05\/01\/itanhem-esta-entre-os-municipios-que-receberao-novos-veiculos-para-o-sus\/#primaryimage"},"thumbnailUrl":"https:\/\/podcafenews.com.br\/site\/wp-content\/uploads\/2026\/05\/IMG-20260501-WA0039.jpg","datePublished":"2026-05-01T12:04:52+00:00","dateModified":"2026-05-01T12:07:45+00:00","breadcrumb":{"@id":"https:\/\/podcafenews.com.br\/site\/2026\/05\/01\/itanhem-esta-entre-os-municipios-que-receberao-novos-veiculos-para-o-sus\/#breadcrumb"},"inLanguage":"pt-BR","potentialAction":[{"@type":"ReadAction","target":["https:\/\/podcafenews.com.br\/site\/2026\/05\/01\/itanhem-esta-entre-os-municipios-que-receberao-novos-veiculos-para-o-sus\/"]}]},{"@type":"ImageObject","inLanguage":"pt-BR","@id":"https:\/\/podcafenews.com.br\/site\/2026\/05\/01\/itanhem-esta-entre-os-municipios-que-receberao-novos-veiculos-para-o-sus\/#primaryimage","url":"https:\/\/podcafenews.com.br\/site\/wp-content\/uploads\/2026\/05\/IMG-20260501-WA0039.jpg","contentUrl":"https:\/\/podcafenews.com.br\/site\/wp-content\/uploads\/2026\/05\/IMG-20260501-WA0039.jpg","width":768,"height":354},{"@type":"BreadcrumbList","@id":"https:\/\/podcafenews.com.br\/site\/2026\/05\/01\/itanhem-esta-entre-os-municipios-que-receberao-novos-veiculos-para-o-sus\/#breadcrumb","itemListElement":[{"@type":"ListItem","position":1,"name":"In\u00edcio","item":"https:\/\/podcafenews.com.br\/site\/"},{"@type":"ListItem","position":2,"name":"Itanh\u00e9m est\u00e1 entre os munic\u00edpios que receber\u00e3o novos ve\u00edculos para o SUS"}]},{"@type":"WebSite","@id":"https:\/\/podcafenews.com.br\/site\/#website","url":"https:\/\/podcafenews.com.br\/site\/","name":"PodCaf\u00e9 News","description":"De Itanh\u00e9m para o mundo","publisher":{"@id":"https:\/\/podcafenews.com.br\/site\/#organization"},"potentialAction":[{"@type":"SearchAction","target":{"@type":"EntryPoint","urlTemplate":"https:\/\/podcafenews.com.br\/site\/?s={search_term_string}"},"query-input":{"@type":"PropertyValueSpecification","valueRequired":true,"valueName":"search_term_string"}}],"inLanguage":"pt-BR"},{"@type":"Organization","@id":"https:\/\/podcafenews.com.br\/site\/#organization","name":"PodCaf\u00e9 News","url":"https:\/\/podcafenews.com.br\/site\/","logo":{"@type":"ImageObject","inLanguage":"pt-BR","@id":"https:\/\/podcafenews.com.br\/site\/#\/schema\/logo\/image\/","url":"https:\/\/podcafenews.com.br\/site\/wp-content\/uploads\/2025\/02\/logomarca_podcafenews_preto.png","contentUrl":"https:\/\/podcafenews.com.br\/site\/wp-content\/uploads\/2025\/02\/logomarca_podcafenews_preto.png","width":2128,"height":594,"caption":"PodCaf\u00e9 News"},"image":{"@id":"https:\/\/podcafenews.com.br\/site\/#\/schema\/logo\/image\/"},"sameAs":["https:\/\/www.instagram.com\/podcafe_oficial","https:\/\/www.youtube.com\/@PodCafe_oficial"],"description":"O Pod Caf\u00e9 News \u00e9 uma p\u00e1gina de not\u00edcias. Informa\u00e7\u00e3o e entretenimento de maneira \u00e1gil, leve e agrad\u00e1vel para o internauta.","numberOfEmployees":{"@type":"QuantitativeValue","minValue":"1","maxValue":"10"}},{"@type":"Person","@id":"https:\/\/podcafenews.com.br\/site\/#\/schema\/person\/a1182c3822081a87fc294d4da23a6db2","name":"Jan Cl\u00e9sio Pires","image":{"@type":"ImageObject","inLanguage":"pt-BR","@id":"https:\/\/secure.gravatar.com\/avatar\/000d9b341117d88687388bec1510d70739bbc7d8a41a6b66721a3c2d79c0b105?s=96&d=mm&r=g","url":"https:\/\/secure.gravatar.com\/avatar\/000d9b341117d88687388bec1510d70739bbc7d8a41a6b66721a3c2d79c0b105?s=96&d=mm&r=g","contentUrl":"https:\/\/secure.gravatar.com\/avatar\/000d9b341117d88687388bec1510d70739bbc7d8a41a6b66721a3c2d79c0b105?s=96&d=mm&r=g","caption":"Jan Cl\u00e9sio Pires"},"description":"Formado em Administra\u00e7\u00e3o de Empresas com habilita\u00e7\u00e3o em Marketing pela FASB - Faculdades do Sul da Bahia (Teixeira de Freitas \u2013 Ba) e P\u00f3s Graduado em Gest\u00e3o da Comunica\u00e7\u00e3o e Marketing Institucional pela UCB \u2013 Universidade Castelo Branco (Rio de Janeiro \u2013 RJ)","sameAs":["https:\/\/podcafenews.com.br\/site"],"url":"https:\/\/podcafenews.com.br\/site\/author\/admin\/"}]}},"_links":{"self":[{"href":"https:\/\/podcafenews.com.br\/site\/wp-json\/wp\/v2\/posts\/7465","targetHints":{"allow":["GET"]}}],"collection":[{"href":"https:\/\/podcafenews.com.br\/site\/wp-json\/wp\/v2\/posts"}],"about":[{"href":"https:\/\/podcafenews.com.br\/site\/wp-json\/wp\/v2\/types\/post"}],"author":[{"embeddable":true,"href":"https:\/\/podcafenews.com.br\/site\/wp-json\/wp\/v2\/users\/1"}],"replies":[{"embeddable":true,"href":"https:\/\/podcafenews.com.br\/site\/wp-json\/wp\/v2\/comments?post=7465"}],"version-history":[{"count":1,"href":"https:\/\/podcafenews.com.br\/site\/wp-json\/wp\/v2\/posts\/7465\/revisions"}],"predecessor-version":[{"id":7467,"href":"https:\/\/podcafenews.com.br\/site\/wp-json\/wp\/v2\/posts\/7465\/revisions\/7467"}],"wp:featuredmedia":[{"embeddable":true,"href":"https:\/\/podcafenews.com.br\/site\/wp-json\/wp\/v2\/media\/7466"}],"wp:attachment":[{"href":"https:\/\/podcafenews.com.br\/site\/wp-json\/wp\/v2\/media?parent=7465"}],"wp:term":[{"taxonomy":"category","embeddable":true,"href":"https:\/\/podcafenews.com.br\/site\/wp-json\/wp\/v2\/categories?post=7465"},{"taxonomy":"post_tag","embeddable":true,"href":"https:\/\/podcafenews.com.br\/site\/wp-json\/wp\/v2\/tags?post=7465"}],"curies":[{"name":"wp","href":"https:\/\/api.w.org\/{rel}","templated":true}]}}