{"id":7455,"date":"2026-04-29T15:13:05","date_gmt":"2026-04-29T18:13:05","guid":{"rendered":"https:\/\/podcafenews.com.br\/site\/?p=7455"},"modified":"2026-04-29T15:13:07","modified_gmt":"2026-04-29T18:13:07","slug":"exponhem-2026-ja-tem-data-e-aumenta-expectativa-por-grandes-atracoes-em-itanhem","status":"publish","type":"post","link":"https:\/\/podcafenews.com.br\/site\/2026\/04\/29\/exponhem-2026-ja-tem-data-e-aumenta-expectativa-por-grandes-atracoes-em-itanhem\/","title":{"rendered":"Exponh\u00e9m 2026 j\u00e1 tem data e aumenta expectativa por grandes atra\u00e7\u00f5es em Itanh\u00e9m"},"content":{"rendered":"\n<p class=\"\">O Sindicato Rural de Itanh\u00e9m confirmou oficialmente a realiza\u00e7\u00e3o da Exponh\u00e9m 2026, considerada uma das principais festas agropecu\u00e1rias do extremo sul da Bahia. O evento est\u00e1 marcado para acontecer entre os dias 12 e 16 de agosto, no Parque de Exposi\u00e7\u00e3o do munic\u00edpio, reunindo tradi\u00e7\u00e3o, neg\u00f3cios do campo, lazer e contribuindo diretamente para o aquecimento da economia local.<\/p>\n\n\n\n<p class=\"\">Neste ano, a programa\u00e7\u00e3o integra as comemora\u00e7\u00f5es pelos 68 anos de emancipa\u00e7\u00e3o pol\u00edtica de Itanh\u00e9m. A expectativa \u00e9 de uma agenda ampla e atrativa, com apresenta\u00e7\u00f5es musicais, exposi\u00e7\u00e3o de animais, desfile pet, prova de la\u00e7o, concurso leiteiro, leil\u00e3o, al\u00e9m de espa\u00e7os destinados a empresas e empreendedores de diversos segmentos.<\/p>\n\n\n\n<figure class=\"wp-block-image size-full\"><img fetchpriority=\"high\" decoding=\"async\" width=\"1600\" height=\"974\" src=\"https:\/\/podcafenews.com.br\/site\/wp-content\/uploads\/2025\/11\/4ed5e662-5046-402d-a140-52cad71f43f0.jpeg\" alt=\"\" class=\"wp-image-6207\" srcset=\"https:\/\/podcafenews.com.br\/site\/wp-content\/uploads\/2025\/11\/4ed5e662-5046-402d-a140-52cad71f43f0.jpeg 1600w, https:\/\/podcafenews.com.br\/site\/wp-content\/uploads\/2025\/11\/4ed5e662-5046-402d-a140-52cad71f43f0-300x183.jpeg 300w, https:\/\/podcafenews.com.br\/site\/wp-content\/uploads\/2025\/11\/4ed5e662-5046-402d-a140-52cad71f43f0-1024x623.jpeg 1024w, https:\/\/podcafenews.com.br\/site\/wp-content\/uploads\/2025\/11\/4ed5e662-5046-402d-a140-52cad71f43f0-768x468.jpeg 768w, https:\/\/podcafenews.com.br\/site\/wp-content\/uploads\/2025\/11\/4ed5e662-5046-402d-a140-52cad71f43f0-1536x935.jpeg 1536w, https:\/\/podcafenews.com.br\/site\/wp-content\/uploads\/2025\/11\/4ed5e662-5046-402d-a140-52cad71f43f0-750x457.jpeg 750w, https:\/\/podcafenews.com.br\/site\/wp-content\/uploads\/2025\/11\/4ed5e662-5046-402d-a140-52cad71f43f0-1140x694.jpeg 1140w\" sizes=\"(max-width: 1600px) 100vw, 1600px\" \/><\/figure>\n\n\n\n<p class=\"\"><\/p>\n\n\n\n<p class=\"\">Mais do que um evento agropecu\u00e1rio, a Exponh\u00e9m se consolidou como uma grande celebra\u00e7\u00e3o popular, aguardada com entusiasmo pela comunidade. Nos \u00faltimos anos, a festa tem sido realizada em conjunto com as comemora\u00e7\u00f5es do anivers\u00e1rio da cidade, celebrado em 14 de agosto, sob a organiza\u00e7\u00e3o da Prefeitura Municipal de Itanh\u00e9m, sempre trazendo atra\u00e7\u00f5es de grande porte que mobilizam moradores e visitantes.<\/p>\n\n\n\n<p class=\"\">Esse formato integrado elevou ainda mais a import\u00e2ncia da exposi\u00e7\u00e3o no calend\u00e1rio regional, atraindo p\u00fablico de diversas cidades e fortalecendo setores como com\u00e9rcio, turismo e agroneg\u00f3cio. Diante disso, cresce agora a expectativa para a divulga\u00e7\u00e3o oficial das atra\u00e7\u00f5es, tanto por parte do Sindicato Rural quanto da Prefeitura \u2014 an\u00fancio que \u00e9 aguardado com ansiedade pela popula\u00e7\u00e3o.<\/p>\n\n\n\n<figure class=\"wp-block-image size-full\"><img decoding=\"async\" width=\"918\" height=\"283\" src=\"https:\/\/podcafenews.com.br\/site\/wp-content\/uploads\/2025\/12\/IMG-20250730-WA0129-1.jpg\" alt=\"\" class=\"wp-image-6447\" srcset=\"https:\/\/podcafenews.com.br\/site\/wp-content\/uploads\/2025\/12\/IMG-20250730-WA0129-1.jpg 918w, https:\/\/podcafenews.com.br\/site\/wp-content\/uploads\/2025\/12\/IMG-20250730-WA0129-1-300x92.jpg 300w, https:\/\/podcafenews.com.br\/site\/wp-content\/uploads\/2025\/12\/IMG-20250730-WA0129-1-768x237.jpg 768w, https:\/\/podcafenews.com.br\/site\/wp-content\/uploads\/2025\/12\/IMG-20250730-WA0129-1-750x231.jpg 750w\" sizes=\"(max-width: 918px) 100vw, 918px\" \/><\/figure>\n\n\n\n<p class=\"\"><\/p>\n\n\n\n<p class=\"\">A Exponh\u00e9m 2026 conta com o apoio do Sindicato Rural de Itanh\u00e9m, da Prefeitura Municipal, do sistema FAEB\/SENAR e da CNA.<\/p>\n\n\n\n<p class=\"\">&#x1f4cc; Exponh\u00e9m 2026 <\/p>\n\n\n\n<p class=\"\">&#x1f4c5; 12 a 16 de agosto<\/p>\n\n\n\n<p class=\"\">&#x1f4cd; Parque de Exposi\u00e7\u00e3o \u2013 Itanh\u00e9m\/BA<\/p>\n\n\n\n<p class=\"\">A tradi\u00e7\u00e3o do agro j\u00e1 tem data definida e promete, mais uma vez, movimentar a cidade e reunir um grande p\u00fablico em Itanh\u00e9m.<\/p>\n\n\n\n<p class=\"\"><\/p>\n","protected":false},"excerpt":{"rendered":"<p>O Sindicato Rural de Itanh\u00e9m confirmou oficialmente a realiza\u00e7\u00e3o da Exponh\u00e9m 2026, considerada uma das principais festas agropecu\u00e1rias do extremo sul da Bahia. O evento est\u00e1 marcado para acontecer entre os dias 12 e 16 de agosto, no Parque de Exposi\u00e7\u00e3o do munic\u00edpio, reunindo tradi\u00e7\u00e3o, neg\u00f3cios do campo, lazer e contribuindo diretamente para o aquecimento [&hellip;]<\/p>\n","protected":false},"author":1,"featured_media":7456,"comment_status":"open","ping_status":"open","sticky":false,"template":"","format":"standard","meta":{"nf_dc_page":"","footnotes":""},"categories":[66],"tags":[],"class_list":["post-7455","post","type-post","status-publish","format-standard","has-post-thumbnail","hentry","category-itanhem"],"yoast_head":"<!-- This site is optimized with the Yoast SEO Premium plugin v26.5 (Yoast SEO v27.4) - https:\/\/yoast.com\/product\/yoast-seo-premium-wordpress\/ -->\n<title>Exponh\u00e9m 2026 j\u00e1 tem data e aumenta expectativa por grandes atra\u00e7\u00f5es em Itanh\u00e9m - PodCaf\u00e9 News<\/title>\n<meta name=\"robots\" content=\"index, follow, max-snippet:-1, max-image-preview:large, max-video-preview:-1\" \/>\n<link rel=\"canonical\" href=\"https:\/\/podcafenews.com.br\/site\/2026\/04\/29\/exponhem-2026-ja-tem-data-e-aumenta-expectativa-por-grandes-atracoes-em-itanhem\/\" \/>\n<meta property=\"og:locale\" content=\"pt_BR\" \/>\n<meta property=\"og:type\" content=\"article\" \/>\n<meta property=\"og:title\" content=\"Exponh\u00e9m 2026 j\u00e1 tem data e aumenta expectativa por grandes atra\u00e7\u00f5es em Itanh\u00e9m\" \/>\n<meta property=\"og:description\" content=\"O Sindicato Rural de Itanh\u00e9m confirmou oficialmente a realiza\u00e7\u00e3o da Exponh\u00e9m 2026, considerada uma das principais festas agropecu\u00e1rias do extremo sul da Bahia. O evento est\u00e1 marcado para acontecer entre os dias 12 e 16 de agosto, no Parque de Exposi\u00e7\u00e3o do munic\u00edpio, reunindo tradi\u00e7\u00e3o, neg\u00f3cios do campo, lazer e contribuindo diretamente para o aquecimento [&hellip;]\" \/>\n<meta property=\"og:url\" content=\"https:\/\/podcafenews.com.br\/site\/2026\/04\/29\/exponhem-2026-ja-tem-data-e-aumenta-expectativa-por-grandes-atracoes-em-itanhem\/\" \/>\n<meta property=\"og:site_name\" content=\"PodCaf\u00e9 News\" \/>\n<meta property=\"article:published_time\" content=\"2026-04-29T18:13:05+00:00\" \/>\n<meta property=\"article:modified_time\" content=\"2026-04-29T18:13:07+00:00\" \/>\n<meta property=\"og:image\" content=\"https:\/\/podcafenews.com.br\/site\/wp-content\/uploads\/2026\/04\/IMG-20260429-WA0268.jpg\" \/>\n\t<meta property=\"og:image:width\" content=\"1536\" \/>\n\t<meta property=\"og:image:height\" content=\"1024\" \/>\n\t<meta property=\"og:image:type\" content=\"image\/jpeg\" \/>\n<meta name=\"author\" content=\"Jan Cl\u00e9sio Pires\" \/>\n<meta name=\"twitter:card\" content=\"summary_large_image\" \/>\n<meta name=\"twitter:label1\" content=\"Escrito por\" \/>\n\t<meta name=\"twitter:data1\" content=\"Jan Cl\u00e9sio Pires\" \/>\n\t<meta name=\"twitter:label2\" content=\"Est. tempo de leitura\" \/>\n\t<meta name=\"twitter:data2\" content=\"3 minutos\" \/>\n<script type=\"application\/ld+json\" class=\"yoast-schema-graph\">{\"@context\":\"https:\\\/\\\/schema.org\",\"@graph\":[{\"@type\":\"NewsArticle\",\"@id\":\"https:\\\/\\\/podcafenews.com.br\\\/site\\\/2026\\\/04\\\/29\\\/exponhem-2026-ja-tem-data-e-aumenta-expectativa-por-grandes-atracoes-em-itanhem\\\/#article\",\"isPartOf\":{\"@id\":\"https:\\\/\\\/podcafenews.com.br\\\/site\\\/2026\\\/04\\\/29\\\/exponhem-2026-ja-tem-data-e-aumenta-expectativa-por-grandes-atracoes-em-itanhem\\\/\"},\"author\":{\"name\":\"Jan Cl\u00e9sio Pires\",\"@id\":\"https:\\\/\\\/podcafenews.com.br\\\/site\\\/#\\\/schema\\\/person\\\/a1182c3822081a87fc294d4da23a6db2\"},\"headline\":\"Exponh\u00e9m 2026 j\u00e1 tem data e aumenta expectativa por grandes atra\u00e7\u00f5es em Itanh\u00e9m\",\"datePublished\":\"2026-04-29T18:13:05+00:00\",\"dateModified\":\"2026-04-29T18:13:07+00:00\",\"mainEntityOfPage\":{\"@id\":\"https:\\\/\\\/podcafenews.com.br\\\/site\\\/2026\\\/04\\\/29\\\/exponhem-2026-ja-tem-data-e-aumenta-expectativa-por-grandes-atracoes-em-itanhem\\\/\"},\"wordCount\":338,\"commentCount\":0,\"publisher\":{\"@id\":\"https:\\\/\\\/podcafenews.com.br\\\/site\\\/#organization\"},\"image\":{\"@id\":\"https:\\\/\\\/podcafenews.com.br\\\/site\\\/2026\\\/04\\\/29\\\/exponhem-2026-ja-tem-data-e-aumenta-expectativa-por-grandes-atracoes-em-itanhem\\\/#primaryimage\"},\"thumbnailUrl\":\"https:\\\/\\\/podcafenews.com.br\\\/site\\\/wp-content\\\/uploads\\\/2026\\\/04\\\/IMG-20260429-WA0268.jpg\",\"articleSection\":[\"ITANH\u00c9M\"],\"inLanguage\":\"pt-BR\",\"potentialAction\":[{\"@type\":\"CommentAction\",\"name\":\"Comment\",\"target\":[\"https:\\\/\\\/podcafenews.com.br\\\/site\\\/2026\\\/04\\\/29\\\/exponhem-2026-ja-tem-data-e-aumenta-expectativa-por-grandes-atracoes-em-itanhem\\\/#respond\"]}]},{\"@type\":\"WebPage\",\"@id\":\"https:\\\/\\\/podcafenews.com.br\\\/site\\\/2026\\\/04\\\/29\\\/exponhem-2026-ja-tem-data-e-aumenta-expectativa-por-grandes-atracoes-em-itanhem\\\/\",\"url\":\"https:\\\/\\\/podcafenews.com.br\\\/site\\\/2026\\\/04\\\/29\\\/exponhem-2026-ja-tem-data-e-aumenta-expectativa-por-grandes-atracoes-em-itanhem\\\/\",\"name\":\"Exponh\u00e9m 2026 j\u00e1 tem data e aumenta expectativa por grandes atra\u00e7\u00f5es em Itanh\u00e9m - PodCaf\u00e9 News\",\"isPartOf\":{\"@id\":\"https:\\\/\\\/podcafenews.com.br\\\/site\\\/#website\"},\"primaryImageOfPage\":{\"@id\":\"https:\\\/\\\/podcafenews.com.br\\\/site\\\/2026\\\/04\\\/29\\\/exponhem-2026-ja-tem-data-e-aumenta-expectativa-por-grandes-atracoes-em-itanhem\\\/#primaryimage\"},\"image\":{\"@id\":\"https:\\\/\\\/podcafenews.com.br\\\/site\\\/2026\\\/04\\\/29\\\/exponhem-2026-ja-tem-data-e-aumenta-expectativa-por-grandes-atracoes-em-itanhem\\\/#primaryimage\"},\"thumbnailUrl\":\"https:\\\/\\\/podcafenews.com.br\\\/site\\\/wp-content\\\/uploads\\\/2026\\\/04\\\/IMG-20260429-WA0268.jpg\",\"datePublished\":\"2026-04-29T18:13:05+00:00\",\"dateModified\":\"2026-04-29T18:13:07+00:00\",\"breadcrumb\":{\"@id\":\"https:\\\/\\\/podcafenews.com.br\\\/site\\\/2026\\\/04\\\/29\\\/exponhem-2026-ja-tem-data-e-aumenta-expectativa-por-grandes-atracoes-em-itanhem\\\/#breadcrumb\"},\"inLanguage\":\"pt-BR\",\"potentialAction\":[{\"@type\":\"ReadAction\",\"target\":[\"https:\\\/\\\/podcafenews.com.br\\\/site\\\/2026\\\/04\\\/29\\\/exponhem-2026-ja-tem-data-e-aumenta-expectativa-por-grandes-atracoes-em-itanhem\\\/\"]}]},{\"@type\":\"ImageObject\",\"inLanguage\":\"pt-BR\",\"@id\":\"https:\\\/\\\/podcafenews.com.br\\\/site\\\/2026\\\/04\\\/29\\\/exponhem-2026-ja-tem-data-e-aumenta-expectativa-por-grandes-atracoes-em-itanhem\\\/#primaryimage\",\"url\":\"https:\\\/\\\/podcafenews.com.br\\\/site\\\/wp-content\\\/uploads\\\/2026\\\/04\\\/IMG-20260429-WA0268.jpg\",\"contentUrl\":\"https:\\\/\\\/podcafenews.com.br\\\/site\\\/wp-content\\\/uploads\\\/2026\\\/04\\\/IMG-20260429-WA0268.jpg\",\"width\":1536,\"height\":1024},{\"@type\":\"BreadcrumbList\",\"@id\":\"https:\\\/\\\/podcafenews.com.br\\\/site\\\/2026\\\/04\\\/29\\\/exponhem-2026-ja-tem-data-e-aumenta-expectativa-por-grandes-atracoes-em-itanhem\\\/#breadcrumb\",\"itemListElement\":[{\"@type\":\"ListItem\",\"position\":1,\"name\":\"In\u00edcio\",\"item\":\"https:\\\/\\\/podcafenews.com.br\\\/site\\\/\"},{\"@type\":\"ListItem\",\"position\":2,\"name\":\"Exponh\u00e9m 2026 j\u00e1 tem data e aumenta expectativa por grandes atra\u00e7\u00f5es em Itanh\u00e9m\"}]},{\"@type\":\"WebSite\",\"@id\":\"https:\\\/\\\/podcafenews.com.br\\\/site\\\/#website\",\"url\":\"https:\\\/\\\/podcafenews.com.br\\\/site\\\/\",\"name\":\"PodCaf\u00e9 News\",\"description\":\"De Itanh\u00e9m para o mundo\",\"publisher\":{\"@id\":\"https:\\\/\\\/podcafenews.com.br\\\/site\\\/#organization\"},\"potentialAction\":[{\"@type\":\"SearchAction\",\"target\":{\"@type\":\"EntryPoint\",\"urlTemplate\":\"https:\\\/\\\/podcafenews.com.br\\\/site\\\/?s={search_term_string}\"},\"query-input\":{\"@type\":\"PropertyValueSpecification\",\"valueRequired\":true,\"valueName\":\"search_term_string\"}}],\"inLanguage\":\"pt-BR\"},{\"@type\":\"Organization\",\"@id\":\"https:\\\/\\\/podcafenews.com.br\\\/site\\\/#organization\",\"name\":\"PodCaf\u00e9 News\",\"url\":\"https:\\\/\\\/podcafenews.com.br\\\/site\\\/\",\"logo\":{\"@type\":\"ImageObject\",\"inLanguage\":\"pt-BR\",\"@id\":\"https:\\\/\\\/podcafenews.com.br\\\/site\\\/#\\\/schema\\\/logo\\\/image\\\/\",\"url\":\"https:\\\/\\\/podcafenews.com.br\\\/site\\\/wp-content\\\/uploads\\\/2025\\\/02\\\/logomarca_podcafenews_preto.png\",\"contentUrl\":\"https:\\\/\\\/podcafenews.com.br\\\/site\\\/wp-content\\\/uploads\\\/2025\\\/02\\\/logomarca_podcafenews_preto.png\",\"width\":2128,\"height\":594,\"caption\":\"PodCaf\u00e9 News\"},\"image\":{\"@id\":\"https:\\\/\\\/podcafenews.com.br\\\/site\\\/#\\\/schema\\\/logo\\\/image\\\/\"},\"sameAs\":[\"https:\\\/\\\/www.instagram.com\\\/podcafe_oficial\",\"https:\\\/\\\/www.youtube.com\\\/@PodCafe_oficial\"],\"description\":\"O Pod Caf\u00e9 News \u00e9 uma p\u00e1gina de not\u00edcias. Informa\u00e7\u00e3o e entretenimento de maneira \u00e1gil, leve e agrad\u00e1vel para o internauta.\",\"numberOfEmployees\":{\"@type\":\"QuantitativeValue\",\"minValue\":\"1\",\"maxValue\":\"10\"}},{\"@type\":\"Person\",\"@id\":\"https:\\\/\\\/podcafenews.com.br\\\/site\\\/#\\\/schema\\\/person\\\/a1182c3822081a87fc294d4da23a6db2\",\"name\":\"Jan Cl\u00e9sio Pires\",\"image\":{\"@type\":\"ImageObject\",\"inLanguage\":\"pt-BR\",\"@id\":\"https:\\\/\\\/secure.gravatar.com\\\/avatar\\\/000d9b341117d88687388bec1510d70739bbc7d8a41a6b66721a3c2d79c0b105?s=96&d=mm&r=g\",\"url\":\"https:\\\/\\\/secure.gravatar.com\\\/avatar\\\/000d9b341117d88687388bec1510d70739bbc7d8a41a6b66721a3c2d79c0b105?s=96&d=mm&r=g\",\"contentUrl\":\"https:\\\/\\\/secure.gravatar.com\\\/avatar\\\/000d9b341117d88687388bec1510d70739bbc7d8a41a6b66721a3c2d79c0b105?s=96&d=mm&r=g\",\"caption\":\"Jan Cl\u00e9sio Pires\"},\"description\":\"Formado em Administra\u00e7\u00e3o de Empresas com habilita\u00e7\u00e3o em Marketing pela FASB - Faculdades do Sul da Bahia (Teixeira de Freitas \u2013 Ba) e P\u00f3s Graduado em Gest\u00e3o da Comunica\u00e7\u00e3o e Marketing Institucional pela UCB \u2013 Universidade Castelo Branco (Rio de Janeiro \u2013 RJ)\",\"sameAs\":[\"https:\\\/\\\/podcafenews.com.br\\\/site\"],\"url\":\"https:\\\/\\\/podcafenews.com.br\\\/site\\\/author\\\/admin\\\/\"}]}<\/script>\n<!-- \/ Yoast SEO Premium plugin. -->","yoast_head_json":{"title":"Exponh\u00e9m 2026 j\u00e1 tem data e aumenta expectativa por grandes atra\u00e7\u00f5es em Itanh\u00e9m - PodCaf\u00e9 News","robots":{"index":"index","follow":"follow","max-snippet":"max-snippet:-1","max-image-preview":"max-image-preview:large","max-video-preview":"max-video-preview:-1"},"canonical":"https:\/\/podcafenews.com.br\/site\/2026\/04\/29\/exponhem-2026-ja-tem-data-e-aumenta-expectativa-por-grandes-atracoes-em-itanhem\/","og_locale":"pt_BR","og_type":"article","og_title":"Exponh\u00e9m 2026 j\u00e1 tem data e aumenta expectativa por grandes atra\u00e7\u00f5es em Itanh\u00e9m","og_description":"O Sindicato Rural de Itanh\u00e9m confirmou oficialmente a realiza\u00e7\u00e3o da Exponh\u00e9m 2026, considerada uma das principais festas agropecu\u00e1rias do extremo sul da Bahia. O evento est\u00e1 marcado para acontecer entre os dias 12 e 16 de agosto, no Parque de Exposi\u00e7\u00e3o do munic\u00edpio, reunindo tradi\u00e7\u00e3o, neg\u00f3cios do campo, lazer e contribuindo diretamente para o aquecimento [&hellip;]","og_url":"https:\/\/podcafenews.com.br\/site\/2026\/04\/29\/exponhem-2026-ja-tem-data-e-aumenta-expectativa-por-grandes-atracoes-em-itanhem\/","og_site_name":"PodCaf\u00e9 News","article_published_time":"2026-04-29T18:13:05+00:00","article_modified_time":"2026-04-29T18:13:07+00:00","og_image":[{"width":1536,"height":1024,"url":"https:\/\/podcafenews.com.br\/site\/wp-content\/uploads\/2026\/04\/IMG-20260429-WA0268.jpg","type":"image\/jpeg"}],"author":"Jan Cl\u00e9sio Pires","twitter_card":"summary_large_image","twitter_misc":{"Escrito por":"Jan Cl\u00e9sio Pires","Est. tempo de leitura":"3 minutos"},"schema":{"@context":"https:\/\/schema.org","@graph":[{"@type":"NewsArticle","@id":"https:\/\/podcafenews.com.br\/site\/2026\/04\/29\/exponhem-2026-ja-tem-data-e-aumenta-expectativa-por-grandes-atracoes-em-itanhem\/#article","isPartOf":{"@id":"https:\/\/podcafenews.com.br\/site\/2026\/04\/29\/exponhem-2026-ja-tem-data-e-aumenta-expectativa-por-grandes-atracoes-em-itanhem\/"},"author":{"name":"Jan Cl\u00e9sio Pires","@id":"https:\/\/podcafenews.com.br\/site\/#\/schema\/person\/a1182c3822081a87fc294d4da23a6db2"},"headline":"Exponh\u00e9m 2026 j\u00e1 tem data e aumenta expectativa por grandes atra\u00e7\u00f5es em Itanh\u00e9m","datePublished":"2026-04-29T18:13:05+00:00","dateModified":"2026-04-29T18:13:07+00:00","mainEntityOfPage":{"@id":"https:\/\/podcafenews.com.br\/site\/2026\/04\/29\/exponhem-2026-ja-tem-data-e-aumenta-expectativa-por-grandes-atracoes-em-itanhem\/"},"wordCount":338,"commentCount":0,"publisher":{"@id":"https:\/\/podcafenews.com.br\/site\/#organization"},"image":{"@id":"https:\/\/podcafenews.com.br\/site\/2026\/04\/29\/exponhem-2026-ja-tem-data-e-aumenta-expectativa-por-grandes-atracoes-em-itanhem\/#primaryimage"},"thumbnailUrl":"https:\/\/podcafenews.com.br\/site\/wp-content\/uploads\/2026\/04\/IMG-20260429-WA0268.jpg","articleSection":["ITANH\u00c9M"],"inLanguage":"pt-BR","potentialAction":[{"@type":"CommentAction","name":"Comment","target":["https:\/\/podcafenews.com.br\/site\/2026\/04\/29\/exponhem-2026-ja-tem-data-e-aumenta-expectativa-por-grandes-atracoes-em-itanhem\/#respond"]}]},{"@type":"WebPage","@id":"https:\/\/podcafenews.com.br\/site\/2026\/04\/29\/exponhem-2026-ja-tem-data-e-aumenta-expectativa-por-grandes-atracoes-em-itanhem\/","url":"https:\/\/podcafenews.com.br\/site\/2026\/04\/29\/exponhem-2026-ja-tem-data-e-aumenta-expectativa-por-grandes-atracoes-em-itanhem\/","name":"Exponh\u00e9m 2026 j\u00e1 tem data e aumenta expectativa por grandes atra\u00e7\u00f5es em Itanh\u00e9m - PodCaf\u00e9 News","isPartOf":{"@id":"https:\/\/podcafenews.com.br\/site\/#website"},"primaryImageOfPage":{"@id":"https:\/\/podcafenews.com.br\/site\/2026\/04\/29\/exponhem-2026-ja-tem-data-e-aumenta-expectativa-por-grandes-atracoes-em-itanhem\/#primaryimage"},"image":{"@id":"https:\/\/podcafenews.com.br\/site\/2026\/04\/29\/exponhem-2026-ja-tem-data-e-aumenta-expectativa-por-grandes-atracoes-em-itanhem\/#primaryimage"},"thumbnailUrl":"https:\/\/podcafenews.com.br\/site\/wp-content\/uploads\/2026\/04\/IMG-20260429-WA0268.jpg","datePublished":"2026-04-29T18:13:05+00:00","dateModified":"2026-04-29T18:13:07+00:00","breadcrumb":{"@id":"https:\/\/podcafenews.com.br\/site\/2026\/04\/29\/exponhem-2026-ja-tem-data-e-aumenta-expectativa-por-grandes-atracoes-em-itanhem\/#breadcrumb"},"inLanguage":"pt-BR","potentialAction":[{"@type":"ReadAction","target":["https:\/\/podcafenews.com.br\/site\/2026\/04\/29\/exponhem-2026-ja-tem-data-e-aumenta-expectativa-por-grandes-atracoes-em-itanhem\/"]}]},{"@type":"ImageObject","inLanguage":"pt-BR","@id":"https:\/\/podcafenews.com.br\/site\/2026\/04\/29\/exponhem-2026-ja-tem-data-e-aumenta-expectativa-por-grandes-atracoes-em-itanhem\/#primaryimage","url":"https:\/\/podcafenews.com.br\/site\/wp-content\/uploads\/2026\/04\/IMG-20260429-WA0268.jpg","contentUrl":"https:\/\/podcafenews.com.br\/site\/wp-content\/uploads\/2026\/04\/IMG-20260429-WA0268.jpg","width":1536,"height":1024},{"@type":"BreadcrumbList","@id":"https:\/\/podcafenews.com.br\/site\/2026\/04\/29\/exponhem-2026-ja-tem-data-e-aumenta-expectativa-por-grandes-atracoes-em-itanhem\/#breadcrumb","itemListElement":[{"@type":"ListItem","position":1,"name":"In\u00edcio","item":"https:\/\/podcafenews.com.br\/site\/"},{"@type":"ListItem","position":2,"name":"Exponh\u00e9m 2026 j\u00e1 tem data e aumenta expectativa por grandes atra\u00e7\u00f5es em Itanh\u00e9m"}]},{"@type":"WebSite","@id":"https:\/\/podcafenews.com.br\/site\/#website","url":"https:\/\/podcafenews.com.br\/site\/","name":"PodCaf\u00e9 News","description":"De Itanh\u00e9m para o mundo","publisher":{"@id":"https:\/\/podcafenews.com.br\/site\/#organization"},"potentialAction":[{"@type":"SearchAction","target":{"@type":"EntryPoint","urlTemplate":"https:\/\/podcafenews.com.br\/site\/?s={search_term_string}"},"query-input":{"@type":"PropertyValueSpecification","valueRequired":true,"valueName":"search_term_string"}}],"inLanguage":"pt-BR"},{"@type":"Organization","@id":"https:\/\/podcafenews.com.br\/site\/#organization","name":"PodCaf\u00e9 News","url":"https:\/\/podcafenews.com.br\/site\/","logo":{"@type":"ImageObject","inLanguage":"pt-BR","@id":"https:\/\/podcafenews.com.br\/site\/#\/schema\/logo\/image\/","url":"https:\/\/podcafenews.com.br\/site\/wp-content\/uploads\/2025\/02\/logomarca_podcafenews_preto.png","contentUrl":"https:\/\/podcafenews.com.br\/site\/wp-content\/uploads\/2025\/02\/logomarca_podcafenews_preto.png","width":2128,"height":594,"caption":"PodCaf\u00e9 News"},"image":{"@id":"https:\/\/podcafenews.com.br\/site\/#\/schema\/logo\/image\/"},"sameAs":["https:\/\/www.instagram.com\/podcafe_oficial","https:\/\/www.youtube.com\/@PodCafe_oficial"],"description":"O Pod Caf\u00e9 News \u00e9 uma p\u00e1gina de not\u00edcias. Informa\u00e7\u00e3o e entretenimento de maneira \u00e1gil, leve e agrad\u00e1vel para o internauta.","numberOfEmployees":{"@type":"QuantitativeValue","minValue":"1","maxValue":"10"}},{"@type":"Person","@id":"https:\/\/podcafenews.com.br\/site\/#\/schema\/person\/a1182c3822081a87fc294d4da23a6db2","name":"Jan Cl\u00e9sio Pires","image":{"@type":"ImageObject","inLanguage":"pt-BR","@id":"https:\/\/secure.gravatar.com\/avatar\/000d9b341117d88687388bec1510d70739bbc7d8a41a6b66721a3c2d79c0b105?s=96&d=mm&r=g","url":"https:\/\/secure.gravatar.com\/avatar\/000d9b341117d88687388bec1510d70739bbc7d8a41a6b66721a3c2d79c0b105?s=96&d=mm&r=g","contentUrl":"https:\/\/secure.gravatar.com\/avatar\/000d9b341117d88687388bec1510d70739bbc7d8a41a6b66721a3c2d79c0b105?s=96&d=mm&r=g","caption":"Jan Cl\u00e9sio Pires"},"description":"Formado em Administra\u00e7\u00e3o de Empresas com habilita\u00e7\u00e3o em Marketing pela FASB - Faculdades do Sul da Bahia (Teixeira de Freitas \u2013 Ba) e P\u00f3s Graduado em Gest\u00e3o da Comunica\u00e7\u00e3o e Marketing Institucional pela UCB \u2013 Universidade Castelo Branco (Rio de Janeiro \u2013 RJ)","sameAs":["https:\/\/podcafenews.com.br\/site"],"url":"https:\/\/podcafenews.com.br\/site\/author\/admin\/"}]}},"_links":{"self":[{"href":"https:\/\/podcafenews.com.br\/site\/wp-json\/wp\/v2\/posts\/7455","targetHints":{"allow":["GET"]}}],"collection":[{"href":"https:\/\/podcafenews.com.br\/site\/wp-json\/wp\/v2\/posts"}],"about":[{"href":"https:\/\/podcafenews.com.br\/site\/wp-json\/wp\/v2\/types\/post"}],"author":[{"embeddable":true,"href":"https:\/\/podcafenews.com.br\/site\/wp-json\/wp\/v2\/users\/1"}],"replies":[{"embeddable":true,"href":"https:\/\/podcafenews.com.br\/site\/wp-json\/wp\/v2\/comments?post=7455"}],"version-history":[{"count":1,"href":"https:\/\/podcafenews.com.br\/site\/wp-json\/wp\/v2\/posts\/7455\/revisions"}],"predecessor-version":[{"id":7457,"href":"https:\/\/podcafenews.com.br\/site\/wp-json\/wp\/v2\/posts\/7455\/revisions\/7457"}],"wp:featuredmedia":[{"embeddable":true,"href":"https:\/\/podcafenews.com.br\/site\/wp-json\/wp\/v2\/media\/7456"}],"wp:attachment":[{"href":"https:\/\/podcafenews.com.br\/site\/wp-json\/wp\/v2\/media?parent=7455"}],"wp:term":[{"taxonomy":"category","embeddable":true,"href":"https:\/\/podcafenews.com.br\/site\/wp-json\/wp\/v2\/categories?post=7455"},{"taxonomy":"post_tag","embeddable":true,"href":"https:\/\/podcafenews.com.br\/site\/wp-json\/wp\/v2\/tags?post=7455"}],"curies":[{"name":"wp","href":"https:\/\/api.w.org\/{rel}","templated":true}]}}