{"id":7447,"date":"2026-04-28T15:49:58","date_gmt":"2026-04-28T18:49:58","guid":{"rendered":"https:\/\/podcafenews.com.br\/site\/?p=7447"},"modified":"2026-04-28T15:50:00","modified_gmt":"2026-04-28T18:50:00","slug":"mototaxista-e-morto-pelo-irmao-apos-desavenca-familiar-em-teixeira-de-freitas","status":"publish","type":"post","link":"https:\/\/podcafenews.com.br\/site\/2026\/04\/28\/mototaxista-e-morto-pelo-irmao-apos-desavenca-familiar-em-teixeira-de-freitas\/","title":{"rendered":"Mototaxista \u00e9 morto pelo irm\u00e3o ap\u00f3s desaven\u00e7a familiar em Teixeira de Freitas"},"content":{"rendered":"\n<p class=\"\">O mototaxista S\u00e9rgio Chaves dos Santos, de 46 anos, conhecido como \u201cSerj\u00e3o do Lava Jato\u201d, foi morto na manh\u00e3 desta ter\u00e7a-feira, 28 de abril, na regi\u00e3o central de Teixeira de Freitas.<\/p>\n\n\n\n<figure class=\"wp-block-image size-full\"><img fetchpriority=\"high\" decoding=\"async\" width=\"800\" height=\"784\" src=\"https:\/\/podcafenews.com.br\/site\/wp-content\/uploads\/2026\/04\/post-1777381682.webp\" alt=\"\" class=\"wp-image-7449\" srcset=\"https:\/\/podcafenews.com.br\/site\/wp-content\/uploads\/2026\/04\/post-1777381682.webp 800w, https:\/\/podcafenews.com.br\/site\/wp-content\/uploads\/2026\/04\/post-1777381682-300x294.webp 300w, https:\/\/podcafenews.com.br\/site\/wp-content\/uploads\/2026\/04\/post-1777381682-768x753.webp 768w, https:\/\/podcafenews.com.br\/site\/wp-content\/uploads\/2026\/04\/post-1777381682-75x75.webp 75w, https:\/\/podcafenews.com.br\/site\/wp-content\/uploads\/2026\/04\/post-1777381682-750x735.webp 750w\" sizes=\"(max-width: 800px) 100vw, 800px\" \/><\/figure>\n\n\n\n<p class=\"\"><\/p>\n\n\n\n<p class=\"\">De acordo com informa\u00e7\u00f5es preliminares, o caso aconteceu na Rua Mau\u00e1, onde o irm\u00e3o da v\u00edtima conhecido como \u201cTic\u00e3o\u201d trabalha em uma borracharia. S\u00e9rgio teria ido at\u00e9 o local e, durante uma nova discuss\u00e3o, tentou atacar o pr\u00f3prio irm\u00e3o. Nesse momento, acabou sendo atingido por um disparo de arma de fogo na cabe\u00e7a.<\/p>\n\n\n\n<figure class=\"wp-block-image size-full\"><img decoding=\"async\" width=\"800\" height=\"499\" src=\"https:\/\/podcafenews.com.br\/site\/wp-content\/uploads\/2026\/04\/post-1777381695.webp\" alt=\"\" class=\"wp-image-7450\" srcset=\"https:\/\/podcafenews.com.br\/site\/wp-content\/uploads\/2026\/04\/post-1777381695.webp 800w, https:\/\/podcafenews.com.br\/site\/wp-content\/uploads\/2026\/04\/post-1777381695-300x187.webp 300w, https:\/\/podcafenews.com.br\/site\/wp-content\/uploads\/2026\/04\/post-1777381695-768x479.webp 768w, https:\/\/podcafenews.com.br\/site\/wp-content\/uploads\/2026\/04\/post-1777381695-750x468.webp 750w\" sizes=\"(max-width: 800px) 100vw, 800px\" \/><\/figure>\n\n\n\n<p class=\"\"><\/p>\n\n\n\n<p class=\"\">Ainda segundo relatos, o hist\u00f3rico de conflitos entre os dois era antigo. Testemunhas afirmam que as brigas eram frequentes e j\u00e1 haviam resultado em agress\u00f5es graves. Em uma ocasi\u00e3o anterior, S\u00e9rgio chegou a atingir o irm\u00e3o com um golpe de marreta, deixando-o internado por cerca de 30 dias. Tamb\u00e9m circulam informa\u00e7\u00f5es, ainda n\u00e3o confirmadas oficialmente, de que o autor do crime teria registrado um boletim de ocorr\u00eancia, ap\u00f3s receber amea\u00e7as de morte.<\/p>\n\n\n\n<figure class=\"wp-block-image size-full\"><img decoding=\"async\" width=\"800\" height=\"450\" src=\"https:\/\/podcafenews.com.br\/site\/wp-content\/uploads\/2026\/04\/post-1777381707.webp\" alt=\"\" class=\"wp-image-7451\" srcset=\"https:\/\/podcafenews.com.br\/site\/wp-content\/uploads\/2026\/04\/post-1777381707.webp 800w, https:\/\/podcafenews.com.br\/site\/wp-content\/uploads\/2026\/04\/post-1777381707-300x169.webp 300w, https:\/\/podcafenews.com.br\/site\/wp-content\/uploads\/2026\/04\/post-1777381707-768x432.webp 768w, https:\/\/podcafenews.com.br\/site\/wp-content\/uploads\/2026\/04\/post-1777381707-750x422.webp 750w\" sizes=\"(max-width: 800px) 100vw, 800px\" \/><\/figure>\n\n\n\n<p class=\"\"><\/p>\n\n\n\n<p class=\"\">Tic\u00e3o estaria trocando o pneu de um carro, quando o irm\u00e3o chegou. Ap\u00f3s o disparo, o suspeito fugiu do local e, at\u00e9 o momento, n\u00e3o foi localizado.<\/p>\n\n\n\n<figure class=\"wp-block-image size-full\"><img loading=\"lazy\" decoding=\"async\" width=\"800\" height=\"450\" src=\"https:\/\/podcafenews.com.br\/site\/wp-content\/uploads\/2026\/04\/post-1777381719.webp\" alt=\"\" class=\"wp-image-7452\" srcset=\"https:\/\/podcafenews.com.br\/site\/wp-content\/uploads\/2026\/04\/post-1777381719.webp 800w, https:\/\/podcafenews.com.br\/site\/wp-content\/uploads\/2026\/04\/post-1777381719-300x169.webp 300w, https:\/\/podcafenews.com.br\/site\/wp-content\/uploads\/2026\/04\/post-1777381719-768x432.webp 768w, https:\/\/podcafenews.com.br\/site\/wp-content\/uploads\/2026\/04\/post-1777381719-750x422.webp 750w\" sizes=\"(max-width: 800px) 100vw, 800px\" \/><\/figure>\n\n\n\n<p class=\"\"><\/p>\n\n\n\n<p class=\"\">Em novembro de 2024, S\u00e9rgio chegou a ser dado como desaparecido, caso que repercutiu na imprensa local. Ap\u00f3s quatro dias, ele retornou.<\/p>\n\n\n\n<figure class=\"wp-block-image size-full\"><img loading=\"lazy\" decoding=\"async\" width=\"800\" height=\"417\" src=\"https:\/\/podcafenews.com.br\/site\/wp-content\/uploads\/2026\/04\/post-1777381732.webp\" alt=\"\" class=\"wp-image-7453\" srcset=\"https:\/\/podcafenews.com.br\/site\/wp-content\/uploads\/2026\/04\/post-1777381732.webp 800w, https:\/\/podcafenews.com.br\/site\/wp-content\/uploads\/2026\/04\/post-1777381732-300x156.webp 300w, https:\/\/podcafenews.com.br\/site\/wp-content\/uploads\/2026\/04\/post-1777381732-768x400.webp 768w, https:\/\/podcafenews.com.br\/site\/wp-content\/uploads\/2026\/04\/post-1777381732-750x391.webp 750w\" sizes=\"(max-width: 800px) 100vw, 800px\" \/><\/figure>\n\n\n\n<p class=\"\"><\/p>\n\n\n\n<figure class=\"wp-block-image size-full\"><img loading=\"lazy\" decoding=\"async\" width=\"727\" height=\"342\" src=\"https:\/\/podcafenews.com.br\/site\/wp-content\/uploads\/2026\/03\/1002790754.jpg\" alt=\"\" class=\"wp-image-7172\" srcset=\"https:\/\/podcafenews.com.br\/site\/wp-content\/uploads\/2026\/03\/1002790754.jpg 727w, https:\/\/podcafenews.com.br\/site\/wp-content\/uploads\/2026\/03\/1002790754-300x141.jpg 300w\" sizes=\"(max-width: 727px) 100vw, 727px\" \/><\/figure>\n\n\n\n<p class=\"\"><\/p>\n\n\n\n<p class=\"\">As circunst\u00e2ncias exatas do disparo ainda ser\u00e3o investigadas pelas autoridades, que devem apurar os detalhes do ocorrido, incluindo a din\u00e2mica da tentativa de agress\u00e3o e a origem da arma utilizada. <\/p>\n\n\n\n<p class=\"\">O corpo da v\u00edtima foi removido para o Instituto M\u00e9dico Legal (IML) do munic\u00edpio. A Pol\u00edcia Civil investiga o caso.<\/p>\n\n\n\n<p class=\"\">Fonte: <a href=\"https:\/\/bahiaextremosul.com.br\/mototaxista-e-morto-pelo-irmao-apos-desavenca-familiar-em-teixeira-de-freitas\" type=\"link\" id=\"https:\/\/bahiaextremosul.com.br\/mototaxista-e-morto-pelo-irmao-apos-desavenca-familiar-em-teixeira-de-freitas\"><mark style=\"background-color:rgba(0, 0, 0, 0)\" class=\"has-inline-color has-luminous-vivid-orange-color\">Bahiaextremosul<\/mark><\/a> <\/p>\n\n\n\n<p class=\"\"><\/p>\n","protected":false},"excerpt":{"rendered":"<p>O mototaxista S\u00e9rgio Chaves dos Santos, de 46 anos, conhecido como \u201cSerj\u00e3o do Lava Jato\u201d, foi morto na manh\u00e3 desta ter\u00e7a-feira, 28 de abril, na regi\u00e3o central de Teixeira de Freitas. De acordo com informa\u00e7\u00f5es preliminares, o caso aconteceu na Rua Mau\u00e1, onde o irm\u00e3o da v\u00edtima conhecido como \u201cTic\u00e3o\u201d trabalha em uma borracharia. S\u00e9rgio [&hellip;]<\/p>\n","protected":false},"author":1,"featured_media":7448,"comment_status":"open","ping_status":"open","sticky":false,"template":"","format":"standard","meta":{"nf_dc_page":"","footnotes":""},"categories":[97],"tags":[],"class_list":["post-7447","post","type-post","status-publish","format-standard","has-post-thumbnail","hentry","category-extremo-sul"],"yoast_head":"<!-- This site is optimized with the Yoast SEO Premium plugin v26.5 (Yoast SEO v27.4) - https:\/\/yoast.com\/product\/yoast-seo-premium-wordpress\/ -->\n<title>Mototaxista \u00e9 morto pelo irm\u00e3o ap\u00f3s desaven\u00e7a familiar em Teixeira de Freitas - PodCaf\u00e9 News<\/title>\n<meta name=\"robots\" content=\"index, follow, max-snippet:-1, max-image-preview:large, max-video-preview:-1\" \/>\n<link rel=\"canonical\" href=\"https:\/\/podcafenews.com.br\/site\/2026\/04\/28\/mototaxista-e-morto-pelo-irmao-apos-desavenca-familiar-em-teixeira-de-freitas\/\" \/>\n<meta property=\"og:locale\" content=\"pt_BR\" \/>\n<meta property=\"og:type\" content=\"article\" \/>\n<meta property=\"og:title\" content=\"Mototaxista \u00e9 morto pelo irm\u00e3o ap\u00f3s desaven\u00e7a familiar em Teixeira de Freitas\" \/>\n<meta property=\"og:description\" content=\"O mototaxista S\u00e9rgio Chaves dos Santos, de 46 anos, conhecido como \u201cSerj\u00e3o do Lava Jato\u201d, foi morto na manh\u00e3 desta ter\u00e7a-feira, 28 de abril, na regi\u00e3o central de Teixeira de Freitas. De acordo com informa\u00e7\u00f5es preliminares, o caso aconteceu na Rua Mau\u00e1, onde o irm\u00e3o da v\u00edtima conhecido como \u201cTic\u00e3o\u201d trabalha em uma borracharia. S\u00e9rgio [&hellip;]\" \/>\n<meta property=\"og:url\" content=\"https:\/\/podcafenews.com.br\/site\/2026\/04\/28\/mototaxista-e-morto-pelo-irmao-apos-desavenca-familiar-em-teixeira-de-freitas\/\" \/>\n<meta property=\"og:site_name\" content=\"PodCaf\u00e9 News\" \/>\n<meta property=\"article:published_time\" content=\"2026-04-28T18:49:58+00:00\" \/>\n<meta property=\"article:modified_time\" content=\"2026-04-28T18:50:00+00:00\" \/>\n<meta property=\"og:image\" content=\"https:\/\/podcafenews.com.br\/site\/wp-content\/uploads\/2026\/04\/post-1777381672.webp\" \/>\n\t<meta property=\"og:image:width\" content=\"800\" \/>\n\t<meta property=\"og:image:height\" content=\"571\" \/>\n\t<meta property=\"og:image:type\" content=\"image\/webp\" \/>\n<meta name=\"author\" content=\"Jan Cl\u00e9sio Pires\" \/>\n<meta name=\"twitter:card\" content=\"summary_large_image\" \/>\n<meta name=\"twitter:label1\" content=\"Escrito por\" \/>\n\t<meta name=\"twitter:data1\" content=\"Jan Cl\u00e9sio Pires\" \/>\n\t<meta name=\"twitter:label2\" content=\"Est. tempo de leitura\" \/>\n\t<meta name=\"twitter:data2\" content=\"3 minutos\" \/>\n<script type=\"application\/ld+json\" class=\"yoast-schema-graph\">{\"@context\":\"https:\\\/\\\/schema.org\",\"@graph\":[{\"@type\":\"NewsArticle\",\"@id\":\"https:\\\/\\\/podcafenews.com.br\\\/site\\\/2026\\\/04\\\/28\\\/mototaxista-e-morto-pelo-irmao-apos-desavenca-familiar-em-teixeira-de-freitas\\\/#article\",\"isPartOf\":{\"@id\":\"https:\\\/\\\/podcafenews.com.br\\\/site\\\/2026\\\/04\\\/28\\\/mototaxista-e-morto-pelo-irmao-apos-desavenca-familiar-em-teixeira-de-freitas\\\/\"},\"author\":{\"name\":\"Jan Cl\u00e9sio Pires\",\"@id\":\"https:\\\/\\\/podcafenews.com.br\\\/site\\\/#\\\/schema\\\/person\\\/a1182c3822081a87fc294d4da23a6db2\"},\"headline\":\"Mototaxista \u00e9 morto pelo irm\u00e3o ap\u00f3s desaven\u00e7a familiar em Teixeira de Freitas\",\"datePublished\":\"2026-04-28T18:49:58+00:00\",\"dateModified\":\"2026-04-28T18:50:00+00:00\",\"mainEntityOfPage\":{\"@id\":\"https:\\\/\\\/podcafenews.com.br\\\/site\\\/2026\\\/04\\\/28\\\/mototaxista-e-morto-pelo-irmao-apos-desavenca-familiar-em-teixeira-de-freitas\\\/\"},\"wordCount\":305,\"commentCount\":0,\"publisher\":{\"@id\":\"https:\\\/\\\/podcafenews.com.br\\\/site\\\/#organization\"},\"image\":{\"@id\":\"https:\\\/\\\/podcafenews.com.br\\\/site\\\/2026\\\/04\\\/28\\\/mototaxista-e-morto-pelo-irmao-apos-desavenca-familiar-em-teixeira-de-freitas\\\/#primaryimage\"},\"thumbnailUrl\":\"https:\\\/\\\/podcafenews.com.br\\\/site\\\/wp-content\\\/uploads\\\/2026\\\/04\\\/post-1777381672.webp\",\"articleSection\":[\"EXTREMO SUL\"],\"inLanguage\":\"pt-BR\",\"potentialAction\":[{\"@type\":\"CommentAction\",\"name\":\"Comment\",\"target\":[\"https:\\\/\\\/podcafenews.com.br\\\/site\\\/2026\\\/04\\\/28\\\/mototaxista-e-morto-pelo-irmao-apos-desavenca-familiar-em-teixeira-de-freitas\\\/#respond\"]}]},{\"@type\":\"WebPage\",\"@id\":\"https:\\\/\\\/podcafenews.com.br\\\/site\\\/2026\\\/04\\\/28\\\/mototaxista-e-morto-pelo-irmao-apos-desavenca-familiar-em-teixeira-de-freitas\\\/\",\"url\":\"https:\\\/\\\/podcafenews.com.br\\\/site\\\/2026\\\/04\\\/28\\\/mototaxista-e-morto-pelo-irmao-apos-desavenca-familiar-em-teixeira-de-freitas\\\/\",\"name\":\"Mototaxista \u00e9 morto pelo irm\u00e3o ap\u00f3s desaven\u00e7a familiar em Teixeira de Freitas - PodCaf\u00e9 News\",\"isPartOf\":{\"@id\":\"https:\\\/\\\/podcafenews.com.br\\\/site\\\/#website\"},\"primaryImageOfPage\":{\"@id\":\"https:\\\/\\\/podcafenews.com.br\\\/site\\\/2026\\\/04\\\/28\\\/mototaxista-e-morto-pelo-irmao-apos-desavenca-familiar-em-teixeira-de-freitas\\\/#primaryimage\"},\"image\":{\"@id\":\"https:\\\/\\\/podcafenews.com.br\\\/site\\\/2026\\\/04\\\/28\\\/mototaxista-e-morto-pelo-irmao-apos-desavenca-familiar-em-teixeira-de-freitas\\\/#primaryimage\"},\"thumbnailUrl\":\"https:\\\/\\\/podcafenews.com.br\\\/site\\\/wp-content\\\/uploads\\\/2026\\\/04\\\/post-1777381672.webp\",\"datePublished\":\"2026-04-28T18:49:58+00:00\",\"dateModified\":\"2026-04-28T18:50:00+00:00\",\"breadcrumb\":{\"@id\":\"https:\\\/\\\/podcafenews.com.br\\\/site\\\/2026\\\/04\\\/28\\\/mototaxista-e-morto-pelo-irmao-apos-desavenca-familiar-em-teixeira-de-freitas\\\/#breadcrumb\"},\"inLanguage\":\"pt-BR\",\"potentialAction\":[{\"@type\":\"ReadAction\",\"target\":[\"https:\\\/\\\/podcafenews.com.br\\\/site\\\/2026\\\/04\\\/28\\\/mototaxista-e-morto-pelo-irmao-apos-desavenca-familiar-em-teixeira-de-freitas\\\/\"]}]},{\"@type\":\"ImageObject\",\"inLanguage\":\"pt-BR\",\"@id\":\"https:\\\/\\\/podcafenews.com.br\\\/site\\\/2026\\\/04\\\/28\\\/mototaxista-e-morto-pelo-irmao-apos-desavenca-familiar-em-teixeira-de-freitas\\\/#primaryimage\",\"url\":\"https:\\\/\\\/podcafenews.com.br\\\/site\\\/wp-content\\\/uploads\\\/2026\\\/04\\\/post-1777381672.webp\",\"contentUrl\":\"https:\\\/\\\/podcafenews.com.br\\\/site\\\/wp-content\\\/uploads\\\/2026\\\/04\\\/post-1777381672.webp\",\"width\":800,\"height\":571},{\"@type\":\"BreadcrumbList\",\"@id\":\"https:\\\/\\\/podcafenews.com.br\\\/site\\\/2026\\\/04\\\/28\\\/mototaxista-e-morto-pelo-irmao-apos-desavenca-familiar-em-teixeira-de-freitas\\\/#breadcrumb\",\"itemListElement\":[{\"@type\":\"ListItem\",\"position\":1,\"name\":\"In\u00edcio\",\"item\":\"https:\\\/\\\/podcafenews.com.br\\\/site\\\/\"},{\"@type\":\"ListItem\",\"position\":2,\"name\":\"Mototaxista \u00e9 morto pelo irm\u00e3o ap\u00f3s desaven\u00e7a familiar em Teixeira de Freitas\"}]},{\"@type\":\"WebSite\",\"@id\":\"https:\\\/\\\/podcafenews.com.br\\\/site\\\/#website\",\"url\":\"https:\\\/\\\/podcafenews.com.br\\\/site\\\/\",\"name\":\"PodCaf\u00e9 News\",\"description\":\"De Itanh\u00e9m para o mundo\",\"publisher\":{\"@id\":\"https:\\\/\\\/podcafenews.com.br\\\/site\\\/#organization\"},\"potentialAction\":[{\"@type\":\"SearchAction\",\"target\":{\"@type\":\"EntryPoint\",\"urlTemplate\":\"https:\\\/\\\/podcafenews.com.br\\\/site\\\/?s={search_term_string}\"},\"query-input\":{\"@type\":\"PropertyValueSpecification\",\"valueRequired\":true,\"valueName\":\"search_term_string\"}}],\"inLanguage\":\"pt-BR\"},{\"@type\":\"Organization\",\"@id\":\"https:\\\/\\\/podcafenews.com.br\\\/site\\\/#organization\",\"name\":\"PodCaf\u00e9 News\",\"url\":\"https:\\\/\\\/podcafenews.com.br\\\/site\\\/\",\"logo\":{\"@type\":\"ImageObject\",\"inLanguage\":\"pt-BR\",\"@id\":\"https:\\\/\\\/podcafenews.com.br\\\/site\\\/#\\\/schema\\\/logo\\\/image\\\/\",\"url\":\"https:\\\/\\\/podcafenews.com.br\\\/site\\\/wp-content\\\/uploads\\\/2025\\\/02\\\/logomarca_podcafenews_preto.png\",\"contentUrl\":\"https:\\\/\\\/podcafenews.com.br\\\/site\\\/wp-content\\\/uploads\\\/2025\\\/02\\\/logomarca_podcafenews_preto.png\",\"width\":2128,\"height\":594,\"caption\":\"PodCaf\u00e9 News\"},\"image\":{\"@id\":\"https:\\\/\\\/podcafenews.com.br\\\/site\\\/#\\\/schema\\\/logo\\\/image\\\/\"},\"sameAs\":[\"https:\\\/\\\/www.instagram.com\\\/podcafe_oficial\",\"https:\\\/\\\/www.youtube.com\\\/@PodCafe_oficial\"],\"description\":\"O Pod Caf\u00e9 News \u00e9 uma p\u00e1gina de not\u00edcias. Informa\u00e7\u00e3o e entretenimento de maneira \u00e1gil, leve e agrad\u00e1vel para o internauta.\",\"numberOfEmployees\":{\"@type\":\"QuantitativeValue\",\"minValue\":\"1\",\"maxValue\":\"10\"}},{\"@type\":\"Person\",\"@id\":\"https:\\\/\\\/podcafenews.com.br\\\/site\\\/#\\\/schema\\\/person\\\/a1182c3822081a87fc294d4da23a6db2\",\"name\":\"Jan Cl\u00e9sio Pires\",\"image\":{\"@type\":\"ImageObject\",\"inLanguage\":\"pt-BR\",\"@id\":\"https:\\\/\\\/secure.gravatar.com\\\/avatar\\\/000d9b341117d88687388bec1510d70739bbc7d8a41a6b66721a3c2d79c0b105?s=96&d=mm&r=g\",\"url\":\"https:\\\/\\\/secure.gravatar.com\\\/avatar\\\/000d9b341117d88687388bec1510d70739bbc7d8a41a6b66721a3c2d79c0b105?s=96&d=mm&r=g\",\"contentUrl\":\"https:\\\/\\\/secure.gravatar.com\\\/avatar\\\/000d9b341117d88687388bec1510d70739bbc7d8a41a6b66721a3c2d79c0b105?s=96&d=mm&r=g\",\"caption\":\"Jan Cl\u00e9sio Pires\"},\"description\":\"Formado em Administra\u00e7\u00e3o de Empresas com habilita\u00e7\u00e3o em Marketing pela FASB - Faculdades do Sul da Bahia (Teixeira de Freitas \u2013 Ba) e P\u00f3s Graduado em Gest\u00e3o da Comunica\u00e7\u00e3o e Marketing Institucional pela UCB \u2013 Universidade Castelo Branco (Rio de Janeiro \u2013 RJ)\",\"sameAs\":[\"https:\\\/\\\/podcafenews.com.br\\\/site\"],\"url\":\"https:\\\/\\\/podcafenews.com.br\\\/site\\\/author\\\/admin\\\/\"}]}<\/script>\n<!-- \/ Yoast SEO Premium plugin. -->","yoast_head_json":{"title":"Mototaxista \u00e9 morto pelo irm\u00e3o ap\u00f3s desaven\u00e7a familiar em Teixeira de Freitas - PodCaf\u00e9 News","robots":{"index":"index","follow":"follow","max-snippet":"max-snippet:-1","max-image-preview":"max-image-preview:large","max-video-preview":"max-video-preview:-1"},"canonical":"https:\/\/podcafenews.com.br\/site\/2026\/04\/28\/mototaxista-e-morto-pelo-irmao-apos-desavenca-familiar-em-teixeira-de-freitas\/","og_locale":"pt_BR","og_type":"article","og_title":"Mototaxista \u00e9 morto pelo irm\u00e3o ap\u00f3s desaven\u00e7a familiar em Teixeira de Freitas","og_description":"O mototaxista S\u00e9rgio Chaves dos Santos, de 46 anos, conhecido como \u201cSerj\u00e3o do Lava Jato\u201d, foi morto na manh\u00e3 desta ter\u00e7a-feira, 28 de abril, na regi\u00e3o central de Teixeira de Freitas. De acordo com informa\u00e7\u00f5es preliminares, o caso aconteceu na Rua Mau\u00e1, onde o irm\u00e3o da v\u00edtima conhecido como \u201cTic\u00e3o\u201d trabalha em uma borracharia. S\u00e9rgio [&hellip;]","og_url":"https:\/\/podcafenews.com.br\/site\/2026\/04\/28\/mototaxista-e-morto-pelo-irmao-apos-desavenca-familiar-em-teixeira-de-freitas\/","og_site_name":"PodCaf\u00e9 News","article_published_time":"2026-04-28T18:49:58+00:00","article_modified_time":"2026-04-28T18:50:00+00:00","og_image":[{"width":800,"height":571,"url":"https:\/\/podcafenews.com.br\/site\/wp-content\/uploads\/2026\/04\/post-1777381672.webp","type":"image\/webp"}],"author":"Jan Cl\u00e9sio Pires","twitter_card":"summary_large_image","twitter_misc":{"Escrito por":"Jan Cl\u00e9sio Pires","Est. tempo de leitura":"3 minutos"},"schema":{"@context":"https:\/\/schema.org","@graph":[{"@type":"NewsArticle","@id":"https:\/\/podcafenews.com.br\/site\/2026\/04\/28\/mototaxista-e-morto-pelo-irmao-apos-desavenca-familiar-em-teixeira-de-freitas\/#article","isPartOf":{"@id":"https:\/\/podcafenews.com.br\/site\/2026\/04\/28\/mototaxista-e-morto-pelo-irmao-apos-desavenca-familiar-em-teixeira-de-freitas\/"},"author":{"name":"Jan Cl\u00e9sio Pires","@id":"https:\/\/podcafenews.com.br\/site\/#\/schema\/person\/a1182c3822081a87fc294d4da23a6db2"},"headline":"Mototaxista \u00e9 morto pelo irm\u00e3o ap\u00f3s desaven\u00e7a familiar em Teixeira de Freitas","datePublished":"2026-04-28T18:49:58+00:00","dateModified":"2026-04-28T18:50:00+00:00","mainEntityOfPage":{"@id":"https:\/\/podcafenews.com.br\/site\/2026\/04\/28\/mototaxista-e-morto-pelo-irmao-apos-desavenca-familiar-em-teixeira-de-freitas\/"},"wordCount":305,"commentCount":0,"publisher":{"@id":"https:\/\/podcafenews.com.br\/site\/#organization"},"image":{"@id":"https:\/\/podcafenews.com.br\/site\/2026\/04\/28\/mototaxista-e-morto-pelo-irmao-apos-desavenca-familiar-em-teixeira-de-freitas\/#primaryimage"},"thumbnailUrl":"https:\/\/podcafenews.com.br\/site\/wp-content\/uploads\/2026\/04\/post-1777381672.webp","articleSection":["EXTREMO SUL"],"inLanguage":"pt-BR","potentialAction":[{"@type":"CommentAction","name":"Comment","target":["https:\/\/podcafenews.com.br\/site\/2026\/04\/28\/mototaxista-e-morto-pelo-irmao-apos-desavenca-familiar-em-teixeira-de-freitas\/#respond"]}]},{"@type":"WebPage","@id":"https:\/\/podcafenews.com.br\/site\/2026\/04\/28\/mototaxista-e-morto-pelo-irmao-apos-desavenca-familiar-em-teixeira-de-freitas\/","url":"https:\/\/podcafenews.com.br\/site\/2026\/04\/28\/mototaxista-e-morto-pelo-irmao-apos-desavenca-familiar-em-teixeira-de-freitas\/","name":"Mototaxista \u00e9 morto pelo irm\u00e3o ap\u00f3s desaven\u00e7a familiar em Teixeira de Freitas - PodCaf\u00e9 News","isPartOf":{"@id":"https:\/\/podcafenews.com.br\/site\/#website"},"primaryImageOfPage":{"@id":"https:\/\/podcafenews.com.br\/site\/2026\/04\/28\/mototaxista-e-morto-pelo-irmao-apos-desavenca-familiar-em-teixeira-de-freitas\/#primaryimage"},"image":{"@id":"https:\/\/podcafenews.com.br\/site\/2026\/04\/28\/mototaxista-e-morto-pelo-irmao-apos-desavenca-familiar-em-teixeira-de-freitas\/#primaryimage"},"thumbnailUrl":"https:\/\/podcafenews.com.br\/site\/wp-content\/uploads\/2026\/04\/post-1777381672.webp","datePublished":"2026-04-28T18:49:58+00:00","dateModified":"2026-04-28T18:50:00+00:00","breadcrumb":{"@id":"https:\/\/podcafenews.com.br\/site\/2026\/04\/28\/mototaxista-e-morto-pelo-irmao-apos-desavenca-familiar-em-teixeira-de-freitas\/#breadcrumb"},"inLanguage":"pt-BR","potentialAction":[{"@type":"ReadAction","target":["https:\/\/podcafenews.com.br\/site\/2026\/04\/28\/mototaxista-e-morto-pelo-irmao-apos-desavenca-familiar-em-teixeira-de-freitas\/"]}]},{"@type":"ImageObject","inLanguage":"pt-BR","@id":"https:\/\/podcafenews.com.br\/site\/2026\/04\/28\/mototaxista-e-morto-pelo-irmao-apos-desavenca-familiar-em-teixeira-de-freitas\/#primaryimage","url":"https:\/\/podcafenews.com.br\/site\/wp-content\/uploads\/2026\/04\/post-1777381672.webp","contentUrl":"https:\/\/podcafenews.com.br\/site\/wp-content\/uploads\/2026\/04\/post-1777381672.webp","width":800,"height":571},{"@type":"BreadcrumbList","@id":"https:\/\/podcafenews.com.br\/site\/2026\/04\/28\/mototaxista-e-morto-pelo-irmao-apos-desavenca-familiar-em-teixeira-de-freitas\/#breadcrumb","itemListElement":[{"@type":"ListItem","position":1,"name":"In\u00edcio","item":"https:\/\/podcafenews.com.br\/site\/"},{"@type":"ListItem","position":2,"name":"Mototaxista \u00e9 morto pelo irm\u00e3o ap\u00f3s desaven\u00e7a familiar em Teixeira de Freitas"}]},{"@type":"WebSite","@id":"https:\/\/podcafenews.com.br\/site\/#website","url":"https:\/\/podcafenews.com.br\/site\/","name":"PodCaf\u00e9 News","description":"De Itanh\u00e9m para o mundo","publisher":{"@id":"https:\/\/podcafenews.com.br\/site\/#organization"},"potentialAction":[{"@type":"SearchAction","target":{"@type":"EntryPoint","urlTemplate":"https:\/\/podcafenews.com.br\/site\/?s={search_term_string}"},"query-input":{"@type":"PropertyValueSpecification","valueRequired":true,"valueName":"search_term_string"}}],"inLanguage":"pt-BR"},{"@type":"Organization","@id":"https:\/\/podcafenews.com.br\/site\/#organization","name":"PodCaf\u00e9 News","url":"https:\/\/podcafenews.com.br\/site\/","logo":{"@type":"ImageObject","inLanguage":"pt-BR","@id":"https:\/\/podcafenews.com.br\/site\/#\/schema\/logo\/image\/","url":"https:\/\/podcafenews.com.br\/site\/wp-content\/uploads\/2025\/02\/logomarca_podcafenews_preto.png","contentUrl":"https:\/\/podcafenews.com.br\/site\/wp-content\/uploads\/2025\/02\/logomarca_podcafenews_preto.png","width":2128,"height":594,"caption":"PodCaf\u00e9 News"},"image":{"@id":"https:\/\/podcafenews.com.br\/site\/#\/schema\/logo\/image\/"},"sameAs":["https:\/\/www.instagram.com\/podcafe_oficial","https:\/\/www.youtube.com\/@PodCafe_oficial"],"description":"O Pod Caf\u00e9 News \u00e9 uma p\u00e1gina de not\u00edcias. Informa\u00e7\u00e3o e entretenimento de maneira \u00e1gil, leve e agrad\u00e1vel para o internauta.","numberOfEmployees":{"@type":"QuantitativeValue","minValue":"1","maxValue":"10"}},{"@type":"Person","@id":"https:\/\/podcafenews.com.br\/site\/#\/schema\/person\/a1182c3822081a87fc294d4da23a6db2","name":"Jan Cl\u00e9sio Pires","image":{"@type":"ImageObject","inLanguage":"pt-BR","@id":"https:\/\/secure.gravatar.com\/avatar\/000d9b341117d88687388bec1510d70739bbc7d8a41a6b66721a3c2d79c0b105?s=96&d=mm&r=g","url":"https:\/\/secure.gravatar.com\/avatar\/000d9b341117d88687388bec1510d70739bbc7d8a41a6b66721a3c2d79c0b105?s=96&d=mm&r=g","contentUrl":"https:\/\/secure.gravatar.com\/avatar\/000d9b341117d88687388bec1510d70739bbc7d8a41a6b66721a3c2d79c0b105?s=96&d=mm&r=g","caption":"Jan Cl\u00e9sio Pires"},"description":"Formado em Administra\u00e7\u00e3o de Empresas com habilita\u00e7\u00e3o em Marketing pela FASB - Faculdades do Sul da Bahia (Teixeira de Freitas \u2013 Ba) e P\u00f3s Graduado em Gest\u00e3o da Comunica\u00e7\u00e3o e Marketing Institucional pela UCB \u2013 Universidade Castelo Branco (Rio de Janeiro \u2013 RJ)","sameAs":["https:\/\/podcafenews.com.br\/site"],"url":"https:\/\/podcafenews.com.br\/site\/author\/admin\/"}]}},"_links":{"self":[{"href":"https:\/\/podcafenews.com.br\/site\/wp-json\/wp\/v2\/posts\/7447","targetHints":{"allow":["GET"]}}],"collection":[{"href":"https:\/\/podcafenews.com.br\/site\/wp-json\/wp\/v2\/posts"}],"about":[{"href":"https:\/\/podcafenews.com.br\/site\/wp-json\/wp\/v2\/types\/post"}],"author":[{"embeddable":true,"href":"https:\/\/podcafenews.com.br\/site\/wp-json\/wp\/v2\/users\/1"}],"replies":[{"embeddable":true,"href":"https:\/\/podcafenews.com.br\/site\/wp-json\/wp\/v2\/comments?post=7447"}],"version-history":[{"count":1,"href":"https:\/\/podcafenews.com.br\/site\/wp-json\/wp\/v2\/posts\/7447\/revisions"}],"predecessor-version":[{"id":7454,"href":"https:\/\/podcafenews.com.br\/site\/wp-json\/wp\/v2\/posts\/7447\/revisions\/7454"}],"wp:featuredmedia":[{"embeddable":true,"href":"https:\/\/podcafenews.com.br\/site\/wp-json\/wp\/v2\/media\/7448"}],"wp:attachment":[{"href":"https:\/\/podcafenews.com.br\/site\/wp-json\/wp\/v2\/media?parent=7447"}],"wp:term":[{"taxonomy":"category","embeddable":true,"href":"https:\/\/podcafenews.com.br\/site\/wp-json\/wp\/v2\/categories?post=7447"},{"taxonomy":"post_tag","embeddable":true,"href":"https:\/\/podcafenews.com.br\/site\/wp-json\/wp\/v2\/tags?post=7447"}],"curies":[{"name":"wp","href":"https:\/\/api.w.org\/{rel}","templated":true}]}}