{"id":7439,"date":"2026-04-26T11:28:45","date_gmt":"2026-04-26T14:28:45","guid":{"rendered":"https:\/\/podcafenews.com.br\/site\/?p=7439"},"modified":"2026-04-26T11:28:47","modified_gmt":"2026-04-26T14:28:47","slug":"ibirapua-ba-693-entra-na-fase-final-e-reforca-ligacao-entre-bahia-e-minas-gerais","status":"publish","type":"post","link":"https:\/\/podcafenews.com.br\/site\/2026\/04\/26\/ibirapua-ba-693-entra-na-fase-final-e-reforca-ligacao-entre-bahia-e-minas-gerais\/","title":{"rendered":"Ibirapu\u00e3: BA-693 entra na fase final e refor\u00e7a liga\u00e7\u00e3o entre Bahia e Minas Gerais"},"content":{"rendered":"\n<p class=\"\">A BA-693, importante via de liga\u00e7\u00e3o entre o extremo sul da Bahia e o estado de Minas Gerais, est\u00e1 em fase final de obras e j\u00e1 mobiliza moradores, produtores e lideran\u00e7as pol\u00edticas da regi\u00e3o, que comemoram a retomada e o avan\u00e7o do projeto.<\/p>\n\n\n\n<figure class=\"wp-block-video\"><video height=\"1024\" style=\"aspect-ratio: 576 \/ 1024;\" width=\"576\" controls src=\"https:\/\/podcafenews.com.br\/site\/wp-content\/uploads\/2026\/04\/video-25-04-2026-1777117546.mp4\"><\/video><\/figure>\n\n\n\n<p class=\"\"><\/p>\n\n\n\n<p class=\"\">Com 20,5 quil\u00f4metros de extens\u00e3o, a rodovia conecta o munic\u00edpio de Ibirapu\u00e3 \u00e0 divisa com Minas Gerais, sendo considerada estrat\u00e9gica para o desenvolvimento econ\u00f4mico regional. A obra foi autorizada ainda em novembro de 2017 pelo ent\u00e3o governador Rui Costa, que tamb\u00e9m esteve \u00e0 frente de outras interven\u00e7\u00f5es vi\u00e1rias importantes, como a liga\u00e7\u00e3o da BR-418 ao distrito de C\u00e2ndido Mariano, em Nova Vi\u00e7osa. Oito anos depois, finalmente os moradores de ibirapu\u00e3 est\u00e3o vendo a rodovia sendo concluida.<\/p>\n\n\n\n<figure class=\"wp-block-video\"><video height=\"1024\" style=\"aspect-ratio: 576 \/ 1024;\" width=\"576\" controls src=\"https:\/\/podcafenews.com.br\/site\/wp-content\/uploads\/2026\/04\/video-25-04-2026-1777117564.mp4\"><\/video><\/figure>\n\n\n\n<p class=\"\"><\/p>\n\n\n\n<p class=\"\">Ap\u00f3s um per\u00edodo de paralisa\u00e7\u00e3o que gerou cr\u00edticas e preocupa\u00e7\u00e3o entre moradores e empres\u00e1rios \u2014 especialmente aqueles que dependem da rodovia para o escoamento da produ\u00e7\u00e3o \u2014, os trabalhos foram retomados. A retomada ocorreu ap\u00f3s autoriza\u00e7\u00e3o do atual governador Jer\u00f4nimo Rodrigues, durante visita recente a Teixeira de Freitas. A obra havia sido abandonada pela empresa vencedora da licita\u00e7\u00e3o anterior, sendo ent\u00e3o assumida pelo Cons\u00f3rcio Construir.<\/p>\n\n\n\n<p class=\"\">Sob a lideran\u00e7a do prefeito de Vereda, Manrick Teixeira, o cons\u00f3rcio tem acelerado os trabalhos e j\u00e1 atua na fase de acabamento. A expectativa \u00e9 que a conclus\u00e3o ocorra em breve, atendendo a uma demanda antiga da popula\u00e7\u00e3o local.<\/p>\n\n\n\n<figure class=\"wp-block-image size-full\"><img fetchpriority=\"high\" decoding=\"async\" width=\"750\" height=\"463\" src=\"https:\/\/podcafenews.com.br\/site\/wp-content\/uploads\/2025\/09\/Clinica-Sao-Luiz-1.jpg\" alt=\"\" class=\"wp-image-5142\" srcset=\"https:\/\/podcafenews.com.br\/site\/wp-content\/uploads\/2025\/09\/Clinica-Sao-Luiz-1.jpg 750w, https:\/\/podcafenews.com.br\/site\/wp-content\/uploads\/2025\/09\/Clinica-Sao-Luiz-1-300x185.jpg 300w\" sizes=\"(max-width: 750px) 100vw, 750px\" \/><\/figure>\n\n\n\n<p class=\"\"><\/p>\n\n\n\n<p class=\"\">O impacto positivo da rodovia \u00e9 amplamente esperado, sobretudo para o agroneg\u00f3cio. Empresas como o Latic\u00ednio DaVaca e empreendimentos do setor sucroalcooleiro dever\u00e3o se beneficiar diretamente, com redu\u00e7\u00e3o no tempo de transporte, diminui\u00e7\u00e3o de custos log\u00edsticos e maior competitividade.<\/p>\n\n\n\n<p class=\"\"><strong>A prefeita de Ibirapu\u00e3, Carla Ch\u00e1cara, destacou a import\u00e2ncia da uni\u00e3o de esfor\u00e7os para a retomada da obra:<\/strong><\/p>\n\n\n\n<p class=\"\"><strong>\u201cEssa \u00e9 uma conquista muito importante para o nosso munic\u00edpio e toda a regi\u00e3o. Lutamos muito para que essa obra fosse retomada, e hoje j\u00e1 vemos esse sonho se tornando realidade. Agrade\u00e7o ao governador Jer\u00f4nimo Rodrigues pela sensibilidade e compromisso com o desenvolvimento do interior.\u201d<\/strong><\/p>\n\n\n\n<figure class=\"wp-block-image size-full\"><img decoding=\"async\" width=\"479\" height=\"217\" src=\"https:\/\/podcafenews.com.br\/site\/wp-content\/uploads\/2025\/09\/VISTALAB-2.jpeg\" alt=\"\" class=\"wp-image-5539\" srcset=\"https:\/\/podcafenews.com.br\/site\/wp-content\/uploads\/2025\/09\/VISTALAB-2.jpeg 479w, https:\/\/podcafenews.com.br\/site\/wp-content\/uploads\/2025\/09\/VISTALAB-2-300x136.jpeg 300w\" sizes=\"(max-width: 479px) 100vw, 479px\" \/><\/figure>\n\n\n\n<p class=\"\"><\/p>\n\n\n\n<p class=\"\"><strong>J\u00e1 o prefeito Manrick Teixeira, que tamb\u00e9m preside o Cons\u00f3rcio Construir, ressaltou o empenho da equipe e a fiscaliza\u00e7\u00e3o constante:<\/strong><\/p>\n\n\n\n<p class=\"\"><strong>\u201cEstamos acompanhando de perto cada etapa da obra, cobrando agilidade e responsabilidade. Sabemos da import\u00e2ncia dessa estrada para a economia regional e n\u00e3o vamos medir esfor\u00e7os para entreg\u00e1-la o quanto antes \u00e0 popula\u00e7\u00e3o.\u201d<\/strong><\/p>\n\n\n\n<p class=\"\">Com a conclus\u00e3o pr\u00f3xima, a BA-693 se consolida como uma das principais obras de infraestrutura da regi\u00e3o, prometendo impulsionar o desenvolvimento econ\u00f4mico e melhorar a mobilidade entre Bahia e Minas Gerais.<\/p>\n\n\n\n<p class=\"\">Fonte: <a href=\"https:\/\/bahiaextremosul.com.br\/ibirapua-ba-693-entra-na-fase-final-e-reforca-ligacao-entre-bahia-e-minas-gerais\" type=\"link\" id=\"https:\/\/bahiaextremosul.com.br\/ibirapua-ba-693-entra-na-fase-final-e-reforca-ligacao-entre-bahia-e-minas-gerais\"><mark style=\"background-color:rgba(0, 0, 0, 0)\" class=\"has-inline-color has-luminous-vivid-orange-color\">Bahiaextremosul<\/mark><\/a> <\/p>\n\n\n\n<p class=\"\"><\/p>\n","protected":false},"excerpt":{"rendered":"<p>A BA-693, importante via de liga\u00e7\u00e3o entre o extremo sul da Bahia e o estado de Minas Gerais, est\u00e1 em fase final de obras e j\u00e1 mobiliza moradores, produtores e lideran\u00e7as pol\u00edticas da regi\u00e3o, que comemoram a retomada e o avan\u00e7o do projeto. Com 20,5 quil\u00f4metros de extens\u00e3o, a rodovia conecta o munic\u00edpio de Ibirapu\u00e3 [&hellip;]<\/p>\n","protected":false},"author":1,"featured_media":7442,"comment_status":"open","ping_status":"open","sticky":false,"template":"","format":"standard","meta":{"nf_dc_page":"","footnotes":""},"categories":[100],"tags":[],"class_list":["post-7439","post","type-post","status-publish","format-standard","has-post-thumbnail","hentry","category-bahia"],"yoast_head":"<!-- This site is optimized with the Yoast SEO Premium plugin v26.5 (Yoast SEO v27.4) - https:\/\/yoast.com\/product\/yoast-seo-premium-wordpress\/ -->\n<title>Ibirapu\u00e3: BA-693 entra na fase final e refor\u00e7a liga\u00e7\u00e3o entre Bahia e Minas Gerais - PodCaf\u00e9 News<\/title>\n<meta name=\"robots\" content=\"index, follow, max-snippet:-1, max-image-preview:large, max-video-preview:-1\" \/>\n<link rel=\"canonical\" href=\"https:\/\/podcafenews.com.br\/site\/2026\/04\/26\/ibirapua-ba-693-entra-na-fase-final-e-reforca-ligacao-entre-bahia-e-minas-gerais\/\" \/>\n<meta property=\"og:locale\" content=\"pt_BR\" \/>\n<meta property=\"og:type\" content=\"article\" \/>\n<meta property=\"og:title\" content=\"Ibirapu\u00e3: BA-693 entra na fase final e refor\u00e7a liga\u00e7\u00e3o entre Bahia e Minas Gerais\" \/>\n<meta property=\"og:description\" content=\"A BA-693, importante via de liga\u00e7\u00e3o entre o extremo sul da Bahia e o estado de Minas Gerais, est\u00e1 em fase final de obras e j\u00e1 mobiliza moradores, produtores e lideran\u00e7as pol\u00edticas da regi\u00e3o, que comemoram a retomada e o avan\u00e7o do projeto. Com 20,5 quil\u00f4metros de extens\u00e3o, a rodovia conecta o munic\u00edpio de Ibirapu\u00e3 [&hellip;]\" \/>\n<meta property=\"og:url\" content=\"https:\/\/podcafenews.com.br\/site\/2026\/04\/26\/ibirapua-ba-693-entra-na-fase-final-e-reforca-ligacao-entre-bahia-e-minas-gerais\/\" \/>\n<meta property=\"og:site_name\" content=\"PodCaf\u00e9 News\" \/>\n<meta property=\"article:published_time\" content=\"2026-04-26T14:28:45+00:00\" \/>\n<meta property=\"article:modified_time\" content=\"2026-04-26T14:28:47+00:00\" \/>\n<meta property=\"og:image\" content=\"https:\/\/podcafenews.com.br\/site\/wp-content\/uploads\/2026\/04\/IMG-20260425-WA0039.jpg\" \/>\n\t<meta property=\"og:image:width\" content=\"320\" \/>\n\t<meta property=\"og:image:height\" content=\"230\" \/>\n\t<meta property=\"og:image:type\" content=\"image\/jpeg\" \/>\n<meta name=\"author\" content=\"Jan Cl\u00e9sio Pires\" \/>\n<meta name=\"twitter:card\" content=\"summary_large_image\" \/>\n<meta name=\"twitter:label1\" content=\"Escrito por\" \/>\n\t<meta name=\"twitter:data1\" content=\"Jan Cl\u00e9sio Pires\" \/>\n\t<meta name=\"twitter:label2\" content=\"Est. tempo de leitura\" \/>\n\t<meta name=\"twitter:data2\" content=\"3 minutos\" \/>\n<script type=\"application\/ld+json\" class=\"yoast-schema-graph\">{\"@context\":\"https:\\\/\\\/schema.org\",\"@graph\":[{\"@type\":\"NewsArticle\",\"@id\":\"https:\\\/\\\/podcafenews.com.br\\\/site\\\/2026\\\/04\\\/26\\\/ibirapua-ba-693-entra-na-fase-final-e-reforca-ligacao-entre-bahia-e-minas-gerais\\\/#article\",\"isPartOf\":{\"@id\":\"https:\\\/\\\/podcafenews.com.br\\\/site\\\/2026\\\/04\\\/26\\\/ibirapua-ba-693-entra-na-fase-final-e-reforca-ligacao-entre-bahia-e-minas-gerais\\\/\"},\"author\":{\"name\":\"Jan Cl\u00e9sio Pires\",\"@id\":\"https:\\\/\\\/podcafenews.com.br\\\/site\\\/#\\\/schema\\\/person\\\/a1182c3822081a87fc294d4da23a6db2\"},\"headline\":\"Ibirapu\u00e3: BA-693 entra na fase final e refor\u00e7a liga\u00e7\u00e3o entre Bahia e Minas Gerais\",\"datePublished\":\"2026-04-26T14:28:45+00:00\",\"dateModified\":\"2026-04-26T14:28:47+00:00\",\"mainEntityOfPage\":{\"@id\":\"https:\\\/\\\/podcafenews.com.br\\\/site\\\/2026\\\/04\\\/26\\\/ibirapua-ba-693-entra-na-fase-final-e-reforca-ligacao-entre-bahia-e-minas-gerais\\\/\"},\"wordCount\":478,\"commentCount\":0,\"publisher\":{\"@id\":\"https:\\\/\\\/podcafenews.com.br\\\/site\\\/#organization\"},\"image\":{\"@id\":\"https:\\\/\\\/podcafenews.com.br\\\/site\\\/2026\\\/04\\\/26\\\/ibirapua-ba-693-entra-na-fase-final-e-reforca-ligacao-entre-bahia-e-minas-gerais\\\/#primaryimage\"},\"thumbnailUrl\":\"https:\\\/\\\/podcafenews.com.br\\\/site\\\/wp-content\\\/uploads\\\/2026\\\/04\\\/IMG-20260425-WA0039.jpg\",\"articleSection\":[\"BAHIA\"],\"inLanguage\":\"pt-BR\",\"potentialAction\":[{\"@type\":\"CommentAction\",\"name\":\"Comment\",\"target\":[\"https:\\\/\\\/podcafenews.com.br\\\/site\\\/2026\\\/04\\\/26\\\/ibirapua-ba-693-entra-na-fase-final-e-reforca-ligacao-entre-bahia-e-minas-gerais\\\/#respond\"]}]},{\"@type\":\"WebPage\",\"@id\":\"https:\\\/\\\/podcafenews.com.br\\\/site\\\/2026\\\/04\\\/26\\\/ibirapua-ba-693-entra-na-fase-final-e-reforca-ligacao-entre-bahia-e-minas-gerais\\\/\",\"url\":\"https:\\\/\\\/podcafenews.com.br\\\/site\\\/2026\\\/04\\\/26\\\/ibirapua-ba-693-entra-na-fase-final-e-reforca-ligacao-entre-bahia-e-minas-gerais\\\/\",\"name\":\"Ibirapu\u00e3: BA-693 entra na fase final e refor\u00e7a liga\u00e7\u00e3o entre Bahia e Minas Gerais - PodCaf\u00e9 News\",\"isPartOf\":{\"@id\":\"https:\\\/\\\/podcafenews.com.br\\\/site\\\/#website\"},\"primaryImageOfPage\":{\"@id\":\"https:\\\/\\\/podcafenews.com.br\\\/site\\\/2026\\\/04\\\/26\\\/ibirapua-ba-693-entra-na-fase-final-e-reforca-ligacao-entre-bahia-e-minas-gerais\\\/#primaryimage\"},\"image\":{\"@id\":\"https:\\\/\\\/podcafenews.com.br\\\/site\\\/2026\\\/04\\\/26\\\/ibirapua-ba-693-entra-na-fase-final-e-reforca-ligacao-entre-bahia-e-minas-gerais\\\/#primaryimage\"},\"thumbnailUrl\":\"https:\\\/\\\/podcafenews.com.br\\\/site\\\/wp-content\\\/uploads\\\/2026\\\/04\\\/IMG-20260425-WA0039.jpg\",\"datePublished\":\"2026-04-26T14:28:45+00:00\",\"dateModified\":\"2026-04-26T14:28:47+00:00\",\"breadcrumb\":{\"@id\":\"https:\\\/\\\/podcafenews.com.br\\\/site\\\/2026\\\/04\\\/26\\\/ibirapua-ba-693-entra-na-fase-final-e-reforca-ligacao-entre-bahia-e-minas-gerais\\\/#breadcrumb\"},\"inLanguage\":\"pt-BR\",\"potentialAction\":[{\"@type\":\"ReadAction\",\"target\":[\"https:\\\/\\\/podcafenews.com.br\\\/site\\\/2026\\\/04\\\/26\\\/ibirapua-ba-693-entra-na-fase-final-e-reforca-ligacao-entre-bahia-e-minas-gerais\\\/\"]}]},{\"@type\":\"ImageObject\",\"inLanguage\":\"pt-BR\",\"@id\":\"https:\\\/\\\/podcafenews.com.br\\\/site\\\/2026\\\/04\\\/26\\\/ibirapua-ba-693-entra-na-fase-final-e-reforca-ligacao-entre-bahia-e-minas-gerais\\\/#primaryimage\",\"url\":\"https:\\\/\\\/podcafenews.com.br\\\/site\\\/wp-content\\\/uploads\\\/2026\\\/04\\\/IMG-20260425-WA0039.jpg\",\"contentUrl\":\"https:\\\/\\\/podcafenews.com.br\\\/site\\\/wp-content\\\/uploads\\\/2026\\\/04\\\/IMG-20260425-WA0039.jpg\",\"width\":320,\"height\":230},{\"@type\":\"BreadcrumbList\",\"@id\":\"https:\\\/\\\/podcafenews.com.br\\\/site\\\/2026\\\/04\\\/26\\\/ibirapua-ba-693-entra-na-fase-final-e-reforca-ligacao-entre-bahia-e-minas-gerais\\\/#breadcrumb\",\"itemListElement\":[{\"@type\":\"ListItem\",\"position\":1,\"name\":\"In\u00edcio\",\"item\":\"https:\\\/\\\/podcafenews.com.br\\\/site\\\/\"},{\"@type\":\"ListItem\",\"position\":2,\"name\":\"Ibirapu\u00e3: BA-693 entra na fase final e refor\u00e7a liga\u00e7\u00e3o entre Bahia e Minas Gerais\"}]},{\"@type\":\"WebSite\",\"@id\":\"https:\\\/\\\/podcafenews.com.br\\\/site\\\/#website\",\"url\":\"https:\\\/\\\/podcafenews.com.br\\\/site\\\/\",\"name\":\"PodCaf\u00e9 News\",\"description\":\"De Itanh\u00e9m para o mundo\",\"publisher\":{\"@id\":\"https:\\\/\\\/podcafenews.com.br\\\/site\\\/#organization\"},\"potentialAction\":[{\"@type\":\"SearchAction\",\"target\":{\"@type\":\"EntryPoint\",\"urlTemplate\":\"https:\\\/\\\/podcafenews.com.br\\\/site\\\/?s={search_term_string}\"},\"query-input\":{\"@type\":\"PropertyValueSpecification\",\"valueRequired\":true,\"valueName\":\"search_term_string\"}}],\"inLanguage\":\"pt-BR\"},{\"@type\":\"Organization\",\"@id\":\"https:\\\/\\\/podcafenews.com.br\\\/site\\\/#organization\",\"name\":\"PodCaf\u00e9 News\",\"url\":\"https:\\\/\\\/podcafenews.com.br\\\/site\\\/\",\"logo\":{\"@type\":\"ImageObject\",\"inLanguage\":\"pt-BR\",\"@id\":\"https:\\\/\\\/podcafenews.com.br\\\/site\\\/#\\\/schema\\\/logo\\\/image\\\/\",\"url\":\"https:\\\/\\\/podcafenews.com.br\\\/site\\\/wp-content\\\/uploads\\\/2025\\\/02\\\/logomarca_podcafenews_preto.png\",\"contentUrl\":\"https:\\\/\\\/podcafenews.com.br\\\/site\\\/wp-content\\\/uploads\\\/2025\\\/02\\\/logomarca_podcafenews_preto.png\",\"width\":2128,\"height\":594,\"caption\":\"PodCaf\u00e9 News\"},\"image\":{\"@id\":\"https:\\\/\\\/podcafenews.com.br\\\/site\\\/#\\\/schema\\\/logo\\\/image\\\/\"},\"sameAs\":[\"https:\\\/\\\/www.instagram.com\\\/podcafe_oficial\",\"https:\\\/\\\/www.youtube.com\\\/@PodCafe_oficial\"],\"description\":\"O Pod Caf\u00e9 News \u00e9 uma p\u00e1gina de not\u00edcias. Informa\u00e7\u00e3o e entretenimento de maneira \u00e1gil, leve e agrad\u00e1vel para o internauta.\",\"numberOfEmployees\":{\"@type\":\"QuantitativeValue\",\"minValue\":\"1\",\"maxValue\":\"10\"}},{\"@type\":\"Person\",\"@id\":\"https:\\\/\\\/podcafenews.com.br\\\/site\\\/#\\\/schema\\\/person\\\/a1182c3822081a87fc294d4da23a6db2\",\"name\":\"Jan Cl\u00e9sio Pires\",\"image\":{\"@type\":\"ImageObject\",\"inLanguage\":\"pt-BR\",\"@id\":\"https:\\\/\\\/secure.gravatar.com\\\/avatar\\\/000d9b341117d88687388bec1510d70739bbc7d8a41a6b66721a3c2d79c0b105?s=96&d=mm&r=g\",\"url\":\"https:\\\/\\\/secure.gravatar.com\\\/avatar\\\/000d9b341117d88687388bec1510d70739bbc7d8a41a6b66721a3c2d79c0b105?s=96&d=mm&r=g\",\"contentUrl\":\"https:\\\/\\\/secure.gravatar.com\\\/avatar\\\/000d9b341117d88687388bec1510d70739bbc7d8a41a6b66721a3c2d79c0b105?s=96&d=mm&r=g\",\"caption\":\"Jan Cl\u00e9sio Pires\"},\"description\":\"Formado em Administra\u00e7\u00e3o de Empresas com habilita\u00e7\u00e3o em Marketing pela FASB - Faculdades do Sul da Bahia (Teixeira de Freitas \u2013 Ba) e P\u00f3s Graduado em Gest\u00e3o da Comunica\u00e7\u00e3o e Marketing Institucional pela UCB \u2013 Universidade Castelo Branco (Rio de Janeiro \u2013 RJ)\",\"sameAs\":[\"https:\\\/\\\/podcafenews.com.br\\\/site\"],\"url\":\"https:\\\/\\\/podcafenews.com.br\\\/site\\\/author\\\/admin\\\/\"}]}<\/script>\n<!-- \/ Yoast SEO Premium plugin. -->","yoast_head_json":{"title":"Ibirapu\u00e3: BA-693 entra na fase final e refor\u00e7a liga\u00e7\u00e3o entre Bahia e Minas Gerais - PodCaf\u00e9 News","robots":{"index":"index","follow":"follow","max-snippet":"max-snippet:-1","max-image-preview":"max-image-preview:large","max-video-preview":"max-video-preview:-1"},"canonical":"https:\/\/podcafenews.com.br\/site\/2026\/04\/26\/ibirapua-ba-693-entra-na-fase-final-e-reforca-ligacao-entre-bahia-e-minas-gerais\/","og_locale":"pt_BR","og_type":"article","og_title":"Ibirapu\u00e3: BA-693 entra na fase final e refor\u00e7a liga\u00e7\u00e3o entre Bahia e Minas Gerais","og_description":"A BA-693, importante via de liga\u00e7\u00e3o entre o extremo sul da Bahia e o estado de Minas Gerais, est\u00e1 em fase final de obras e j\u00e1 mobiliza moradores, produtores e lideran\u00e7as pol\u00edticas da regi\u00e3o, que comemoram a retomada e o avan\u00e7o do projeto. Com 20,5 quil\u00f4metros de extens\u00e3o, a rodovia conecta o munic\u00edpio de Ibirapu\u00e3 [&hellip;]","og_url":"https:\/\/podcafenews.com.br\/site\/2026\/04\/26\/ibirapua-ba-693-entra-na-fase-final-e-reforca-ligacao-entre-bahia-e-minas-gerais\/","og_site_name":"PodCaf\u00e9 News","article_published_time":"2026-04-26T14:28:45+00:00","article_modified_time":"2026-04-26T14:28:47+00:00","og_image":[{"width":320,"height":230,"url":"https:\/\/podcafenews.com.br\/site\/wp-content\/uploads\/2026\/04\/IMG-20260425-WA0039.jpg","type":"image\/jpeg"}],"author":"Jan Cl\u00e9sio Pires","twitter_card":"summary_large_image","twitter_misc":{"Escrito por":"Jan Cl\u00e9sio Pires","Est. tempo de leitura":"3 minutos"},"schema":{"@context":"https:\/\/schema.org","@graph":[{"@type":"NewsArticle","@id":"https:\/\/podcafenews.com.br\/site\/2026\/04\/26\/ibirapua-ba-693-entra-na-fase-final-e-reforca-ligacao-entre-bahia-e-minas-gerais\/#article","isPartOf":{"@id":"https:\/\/podcafenews.com.br\/site\/2026\/04\/26\/ibirapua-ba-693-entra-na-fase-final-e-reforca-ligacao-entre-bahia-e-minas-gerais\/"},"author":{"name":"Jan Cl\u00e9sio Pires","@id":"https:\/\/podcafenews.com.br\/site\/#\/schema\/person\/a1182c3822081a87fc294d4da23a6db2"},"headline":"Ibirapu\u00e3: BA-693 entra na fase final e refor\u00e7a liga\u00e7\u00e3o entre Bahia e Minas Gerais","datePublished":"2026-04-26T14:28:45+00:00","dateModified":"2026-04-26T14:28:47+00:00","mainEntityOfPage":{"@id":"https:\/\/podcafenews.com.br\/site\/2026\/04\/26\/ibirapua-ba-693-entra-na-fase-final-e-reforca-ligacao-entre-bahia-e-minas-gerais\/"},"wordCount":478,"commentCount":0,"publisher":{"@id":"https:\/\/podcafenews.com.br\/site\/#organization"},"image":{"@id":"https:\/\/podcafenews.com.br\/site\/2026\/04\/26\/ibirapua-ba-693-entra-na-fase-final-e-reforca-ligacao-entre-bahia-e-minas-gerais\/#primaryimage"},"thumbnailUrl":"https:\/\/podcafenews.com.br\/site\/wp-content\/uploads\/2026\/04\/IMG-20260425-WA0039.jpg","articleSection":["BAHIA"],"inLanguage":"pt-BR","potentialAction":[{"@type":"CommentAction","name":"Comment","target":["https:\/\/podcafenews.com.br\/site\/2026\/04\/26\/ibirapua-ba-693-entra-na-fase-final-e-reforca-ligacao-entre-bahia-e-minas-gerais\/#respond"]}]},{"@type":"WebPage","@id":"https:\/\/podcafenews.com.br\/site\/2026\/04\/26\/ibirapua-ba-693-entra-na-fase-final-e-reforca-ligacao-entre-bahia-e-minas-gerais\/","url":"https:\/\/podcafenews.com.br\/site\/2026\/04\/26\/ibirapua-ba-693-entra-na-fase-final-e-reforca-ligacao-entre-bahia-e-minas-gerais\/","name":"Ibirapu\u00e3: BA-693 entra na fase final e refor\u00e7a liga\u00e7\u00e3o entre Bahia e Minas Gerais - PodCaf\u00e9 News","isPartOf":{"@id":"https:\/\/podcafenews.com.br\/site\/#website"},"primaryImageOfPage":{"@id":"https:\/\/podcafenews.com.br\/site\/2026\/04\/26\/ibirapua-ba-693-entra-na-fase-final-e-reforca-ligacao-entre-bahia-e-minas-gerais\/#primaryimage"},"image":{"@id":"https:\/\/podcafenews.com.br\/site\/2026\/04\/26\/ibirapua-ba-693-entra-na-fase-final-e-reforca-ligacao-entre-bahia-e-minas-gerais\/#primaryimage"},"thumbnailUrl":"https:\/\/podcafenews.com.br\/site\/wp-content\/uploads\/2026\/04\/IMG-20260425-WA0039.jpg","datePublished":"2026-04-26T14:28:45+00:00","dateModified":"2026-04-26T14:28:47+00:00","breadcrumb":{"@id":"https:\/\/podcafenews.com.br\/site\/2026\/04\/26\/ibirapua-ba-693-entra-na-fase-final-e-reforca-ligacao-entre-bahia-e-minas-gerais\/#breadcrumb"},"inLanguage":"pt-BR","potentialAction":[{"@type":"ReadAction","target":["https:\/\/podcafenews.com.br\/site\/2026\/04\/26\/ibirapua-ba-693-entra-na-fase-final-e-reforca-ligacao-entre-bahia-e-minas-gerais\/"]}]},{"@type":"ImageObject","inLanguage":"pt-BR","@id":"https:\/\/podcafenews.com.br\/site\/2026\/04\/26\/ibirapua-ba-693-entra-na-fase-final-e-reforca-ligacao-entre-bahia-e-minas-gerais\/#primaryimage","url":"https:\/\/podcafenews.com.br\/site\/wp-content\/uploads\/2026\/04\/IMG-20260425-WA0039.jpg","contentUrl":"https:\/\/podcafenews.com.br\/site\/wp-content\/uploads\/2026\/04\/IMG-20260425-WA0039.jpg","width":320,"height":230},{"@type":"BreadcrumbList","@id":"https:\/\/podcafenews.com.br\/site\/2026\/04\/26\/ibirapua-ba-693-entra-na-fase-final-e-reforca-ligacao-entre-bahia-e-minas-gerais\/#breadcrumb","itemListElement":[{"@type":"ListItem","position":1,"name":"In\u00edcio","item":"https:\/\/podcafenews.com.br\/site\/"},{"@type":"ListItem","position":2,"name":"Ibirapu\u00e3: BA-693 entra na fase final e refor\u00e7a liga\u00e7\u00e3o entre Bahia e Minas Gerais"}]},{"@type":"WebSite","@id":"https:\/\/podcafenews.com.br\/site\/#website","url":"https:\/\/podcafenews.com.br\/site\/","name":"PodCaf\u00e9 News","description":"De Itanh\u00e9m para o mundo","publisher":{"@id":"https:\/\/podcafenews.com.br\/site\/#organization"},"potentialAction":[{"@type":"SearchAction","target":{"@type":"EntryPoint","urlTemplate":"https:\/\/podcafenews.com.br\/site\/?s={search_term_string}"},"query-input":{"@type":"PropertyValueSpecification","valueRequired":true,"valueName":"search_term_string"}}],"inLanguage":"pt-BR"},{"@type":"Organization","@id":"https:\/\/podcafenews.com.br\/site\/#organization","name":"PodCaf\u00e9 News","url":"https:\/\/podcafenews.com.br\/site\/","logo":{"@type":"ImageObject","inLanguage":"pt-BR","@id":"https:\/\/podcafenews.com.br\/site\/#\/schema\/logo\/image\/","url":"https:\/\/podcafenews.com.br\/site\/wp-content\/uploads\/2025\/02\/logomarca_podcafenews_preto.png","contentUrl":"https:\/\/podcafenews.com.br\/site\/wp-content\/uploads\/2025\/02\/logomarca_podcafenews_preto.png","width":2128,"height":594,"caption":"PodCaf\u00e9 News"},"image":{"@id":"https:\/\/podcafenews.com.br\/site\/#\/schema\/logo\/image\/"},"sameAs":["https:\/\/www.instagram.com\/podcafe_oficial","https:\/\/www.youtube.com\/@PodCafe_oficial"],"description":"O Pod Caf\u00e9 News \u00e9 uma p\u00e1gina de not\u00edcias. Informa\u00e7\u00e3o e entretenimento de maneira \u00e1gil, leve e agrad\u00e1vel para o internauta.","numberOfEmployees":{"@type":"QuantitativeValue","minValue":"1","maxValue":"10"}},{"@type":"Person","@id":"https:\/\/podcafenews.com.br\/site\/#\/schema\/person\/a1182c3822081a87fc294d4da23a6db2","name":"Jan Cl\u00e9sio Pires","image":{"@type":"ImageObject","inLanguage":"pt-BR","@id":"https:\/\/secure.gravatar.com\/avatar\/000d9b341117d88687388bec1510d70739bbc7d8a41a6b66721a3c2d79c0b105?s=96&d=mm&r=g","url":"https:\/\/secure.gravatar.com\/avatar\/000d9b341117d88687388bec1510d70739bbc7d8a41a6b66721a3c2d79c0b105?s=96&d=mm&r=g","contentUrl":"https:\/\/secure.gravatar.com\/avatar\/000d9b341117d88687388bec1510d70739bbc7d8a41a6b66721a3c2d79c0b105?s=96&d=mm&r=g","caption":"Jan Cl\u00e9sio Pires"},"description":"Formado em Administra\u00e7\u00e3o de Empresas com habilita\u00e7\u00e3o em Marketing pela FASB - Faculdades do Sul da Bahia (Teixeira de Freitas \u2013 Ba) e P\u00f3s Graduado em Gest\u00e3o da Comunica\u00e7\u00e3o e Marketing Institucional pela UCB \u2013 Universidade Castelo Branco (Rio de Janeiro \u2013 RJ)","sameAs":["https:\/\/podcafenews.com.br\/site"],"url":"https:\/\/podcafenews.com.br\/site\/author\/admin\/"}]}},"_links":{"self":[{"href":"https:\/\/podcafenews.com.br\/site\/wp-json\/wp\/v2\/posts\/7439","targetHints":{"allow":["GET"]}}],"collection":[{"href":"https:\/\/podcafenews.com.br\/site\/wp-json\/wp\/v2\/posts"}],"about":[{"href":"https:\/\/podcafenews.com.br\/site\/wp-json\/wp\/v2\/types\/post"}],"author":[{"embeddable":true,"href":"https:\/\/podcafenews.com.br\/site\/wp-json\/wp\/v2\/users\/1"}],"replies":[{"embeddable":true,"href":"https:\/\/podcafenews.com.br\/site\/wp-json\/wp\/v2\/comments?post=7439"}],"version-history":[{"count":1,"href":"https:\/\/podcafenews.com.br\/site\/wp-json\/wp\/v2\/posts\/7439\/revisions"}],"predecessor-version":[{"id":7443,"href":"https:\/\/podcafenews.com.br\/site\/wp-json\/wp\/v2\/posts\/7439\/revisions\/7443"}],"wp:featuredmedia":[{"embeddable":true,"href":"https:\/\/podcafenews.com.br\/site\/wp-json\/wp\/v2\/media\/7442"}],"wp:attachment":[{"href":"https:\/\/podcafenews.com.br\/site\/wp-json\/wp\/v2\/media?parent=7439"}],"wp:term":[{"taxonomy":"category","embeddable":true,"href":"https:\/\/podcafenews.com.br\/site\/wp-json\/wp\/v2\/categories?post=7439"},{"taxonomy":"post_tag","embeddable":true,"href":"https:\/\/podcafenews.com.br\/site\/wp-json\/wp\/v2\/tags?post=7439"}],"curies":[{"name":"wp","href":"https:\/\/api.w.org\/{rel}","templated":true}]}}