{"id":7435,"date":"2026-04-26T11:17:21","date_gmt":"2026-04-26T14:17:21","guid":{"rendered":"https:\/\/podcafenews.com.br\/site\/?p=7435"},"modified":"2026-04-26T11:17:22","modified_gmt":"2026-04-26T14:17:22","slug":"justica-decreta-prisao-preventiva-de-motorista-envolvido-em-tragedia-na-ba-290","status":"publish","type":"post","link":"https:\/\/podcafenews.com.br\/site\/2026\/04\/26\/justica-decreta-prisao-preventiva-de-motorista-envolvido-em-tragedia-na-ba-290\/","title":{"rendered":"Justi\u00e7a decreta pris\u00e3o preventiva de motorista envolvido em trag\u00e9dia na BA-290"},"content":{"rendered":"\n<p class=\"\">O caso do grave acidente ocorrido na BA-290, que resultou na morte de Emanuele Meira de Abreu Santos e de seus dois filhos, Sarah e Jo\u00e3o Pedro, ganhou um novo desdobramento nesta \u00faltima quinta-feira (24). A Justi\u00e7a converteu a pris\u00e3o em flagrante do motorista da caminhonete Hilux, identificado como Ozanan Abrantes Couy, em pris\u00e3o preventiva.<\/p>\n\n\n\n<p class=\"\">A decis\u00e3o foi tomada pelo juiz da Comarca de Medeiros Neto\/BA, Dr. Renan Maia Rangel, que entendeu estarem presentes os requisitos legais para a manuten\u00e7\u00e3o da pris\u00e3o do acusado. Com isso, Ozanan seguir\u00e1 detido enquanto avan\u00e7am as investiga\u00e7\u00f5es sobre a trag\u00e9dia que comoveu toda a regi\u00e3o.<\/p>\n\n\n\n<figure class=\"wp-block-image size-full\"><img fetchpriority=\"high\" decoding=\"async\" width=\"539\" height=\"543\" src=\"https:\/\/podcafenews.com.br\/site\/wp-content\/uploads\/2025\/07\/IMG-20250723-WA0482.jpg\" alt=\"\" class=\"wp-image-4407\" srcset=\"https:\/\/podcafenews.com.br\/site\/wp-content\/uploads\/2025\/07\/IMG-20250723-WA0482.jpg 539w, https:\/\/podcafenews.com.br\/site\/wp-content\/uploads\/2025\/07\/IMG-20250723-WA0482-298x300.jpg 298w, https:\/\/podcafenews.com.br\/site\/wp-content\/uploads\/2025\/07\/IMG-20250723-WA0482-150x150.jpg 150w, https:\/\/podcafenews.com.br\/site\/wp-content\/uploads\/2025\/07\/IMG-20250723-WA0482-75x75.jpg 75w\" sizes=\"(max-width: 539px) 100vw, 539px\" \/><\/figure>\n\n\n\n<p class=\"\"><\/p>\n\n\n\n<p class=\"\">O inqu\u00e9rito policial, conduzido pelo delegado Dr. J\u00falio Teles, continua em andamento, com a coleta de provas que devem subsidiar o indiciamento do acusado pelo crime de homic\u00eddio. As investiga\u00e7\u00f5es buscam esclarecer todas as circunst\u00e2ncias do acidente, que, segundo informa\u00e7\u00f5es preliminares j\u00e1 divulgadas, pode ter sido provocado por uma ultrapassagem irregular, al\u00e9m de ind\u00edcios de embriaguez por parte do condutor.<\/p>\n\n\n\n<p class=\"\">A advogada Kerry Anne Esteves, que atua na defesa dos interesses das v\u00edtimas, segue acompanhando o caso. De acordo com ela, o trabalho jur\u00eddico est\u00e1 voltado para garantir que a produ\u00e7\u00e3o de provas ocorra de forma completa, evitando omiss\u00f5es que possam comprometer a futura a\u00e7\u00e3o penal.<\/p>\n\n\n\n<p class=\"\">A trag\u00e9dia, registrada na \u00faltima ter\u00e7a-feira (21), nas proximidades do distrito de Barcelona, entre Teixeira de Freitas e Medeiros Neto, gerou grande como\u00e7\u00e3o em Itanh\u00e9m e regi\u00e3o. O munic\u00edpio, inclusive, decretou luto oficial de tr\u00eas dias em homenagem \u00e0s v\u00edtimas.<\/p>\n\n\n\n<p class=\"\"><\/p>\n","protected":false},"excerpt":{"rendered":"<p>O caso do grave acidente ocorrido na BA-290, que resultou na morte de Emanuele Meira de Abreu Santos e de seus dois filhos, Sarah e Jo\u00e3o Pedro, ganhou um novo desdobramento nesta \u00faltima quinta-feira (24). A Justi\u00e7a converteu a pris\u00e3o em flagrante do motorista da caminhonete Hilux, identificado como Ozanan Abrantes Couy, em pris\u00e3o preventiva. [&hellip;]<\/p>\n","protected":false},"author":1,"featured_media":7436,"comment_status":"open","ping_status":"open","sticky":false,"template":"","format":"standard","meta":{"nf_dc_page":"","footnotes":""},"categories":[18],"tags":[],"class_list":["post-7435","post","type-post","status-publish","format-standard","has-post-thumbnail","hentry","category-geral"],"yoast_head":"<!-- This site is optimized with the Yoast SEO Premium plugin v26.5 (Yoast SEO v27.4) - https:\/\/yoast.com\/product\/yoast-seo-premium-wordpress\/ -->\n<title>Justi\u00e7a decreta pris\u00e3o preventiva de motorista envolvido em trag\u00e9dia na BA-290 - PodCaf\u00e9 News<\/title>\n<meta name=\"robots\" content=\"index, follow, max-snippet:-1, max-image-preview:large, max-video-preview:-1\" \/>\n<link rel=\"canonical\" href=\"https:\/\/podcafenews.com.br\/site\/2026\/04\/26\/justica-decreta-prisao-preventiva-de-motorista-envolvido-em-tragedia-na-ba-290\/\" \/>\n<meta property=\"og:locale\" content=\"pt_BR\" \/>\n<meta property=\"og:type\" content=\"article\" \/>\n<meta property=\"og:title\" content=\"Justi\u00e7a decreta pris\u00e3o preventiva de motorista envolvido em trag\u00e9dia na BA-290\" \/>\n<meta property=\"og:description\" content=\"O caso do grave acidente ocorrido na BA-290, que resultou na morte de Emanuele Meira de Abreu Santos e de seus dois filhos, Sarah e Jo\u00e3o Pedro, ganhou um novo desdobramento nesta \u00faltima quinta-feira (24). A Justi\u00e7a converteu a pris\u00e3o em flagrante do motorista da caminhonete Hilux, identificado como Ozanan Abrantes Couy, em pris\u00e3o preventiva. [&hellip;]\" \/>\n<meta property=\"og:url\" content=\"https:\/\/podcafenews.com.br\/site\/2026\/04\/26\/justica-decreta-prisao-preventiva-de-motorista-envolvido-em-tragedia-na-ba-290\/\" \/>\n<meta property=\"og:site_name\" content=\"PodCaf\u00e9 News\" \/>\n<meta property=\"article:published_time\" content=\"2026-04-26T14:17:21+00:00\" \/>\n<meta property=\"article:modified_time\" content=\"2026-04-26T14:17:22+00:00\" \/>\n<meta property=\"og:image\" content=\"https:\/\/podcafenews.com.br\/site\/wp-content\/uploads\/2026\/04\/IMG-20260424-WA0139.jpg\" \/>\n\t<meta property=\"og:image:width\" content=\"1080\" \/>\n\t<meta property=\"og:image:height\" content=\"784\" \/>\n\t<meta property=\"og:image:type\" content=\"image\/jpeg\" \/>\n<meta name=\"author\" content=\"Jan Cl\u00e9sio Pires\" \/>\n<meta name=\"twitter:card\" content=\"summary_large_image\" \/>\n<meta name=\"twitter:label1\" content=\"Escrito por\" \/>\n\t<meta name=\"twitter:data1\" content=\"Jan Cl\u00e9sio Pires\" \/>\n\t<meta name=\"twitter:label2\" content=\"Est. tempo de leitura\" \/>\n\t<meta name=\"twitter:data2\" content=\"2 minutos\" \/>\n<script type=\"application\/ld+json\" class=\"yoast-schema-graph\">{\"@context\":\"https:\\\/\\\/schema.org\",\"@graph\":[{\"@type\":\"NewsArticle\",\"@id\":\"https:\\\/\\\/podcafenews.com.br\\\/site\\\/2026\\\/04\\\/26\\\/justica-decreta-prisao-preventiva-de-motorista-envolvido-em-tragedia-na-ba-290\\\/#article\",\"isPartOf\":{\"@id\":\"https:\\\/\\\/podcafenews.com.br\\\/site\\\/2026\\\/04\\\/26\\\/justica-decreta-prisao-preventiva-de-motorista-envolvido-em-tragedia-na-ba-290\\\/\"},\"author\":{\"name\":\"Jan Cl\u00e9sio Pires\",\"@id\":\"https:\\\/\\\/podcafenews.com.br\\\/site\\\/#\\\/schema\\\/person\\\/a1182c3822081a87fc294d4da23a6db2\"},\"headline\":\"Justi\u00e7a decreta pris\u00e3o preventiva de motorista envolvido em trag\u00e9dia na BA-290\",\"datePublished\":\"2026-04-26T14:17:21+00:00\",\"dateModified\":\"2026-04-26T14:17:22+00:00\",\"mainEntityOfPage\":{\"@id\":\"https:\\\/\\\/podcafenews.com.br\\\/site\\\/2026\\\/04\\\/26\\\/justica-decreta-prisao-preventiva-de-motorista-envolvido-em-tragedia-na-ba-290\\\/\"},\"wordCount\":292,\"commentCount\":0,\"publisher\":{\"@id\":\"https:\\\/\\\/podcafenews.com.br\\\/site\\\/#organization\"},\"image\":{\"@id\":\"https:\\\/\\\/podcafenews.com.br\\\/site\\\/2026\\\/04\\\/26\\\/justica-decreta-prisao-preventiva-de-motorista-envolvido-em-tragedia-na-ba-290\\\/#primaryimage\"},\"thumbnailUrl\":\"https:\\\/\\\/podcafenews.com.br\\\/site\\\/wp-content\\\/uploads\\\/2026\\\/04\\\/IMG-20260424-WA0139.jpg\",\"articleSection\":[\"Geral\"],\"inLanguage\":\"pt-BR\",\"potentialAction\":[{\"@type\":\"CommentAction\",\"name\":\"Comment\",\"target\":[\"https:\\\/\\\/podcafenews.com.br\\\/site\\\/2026\\\/04\\\/26\\\/justica-decreta-prisao-preventiva-de-motorista-envolvido-em-tragedia-na-ba-290\\\/#respond\"]}]},{\"@type\":\"WebPage\",\"@id\":\"https:\\\/\\\/podcafenews.com.br\\\/site\\\/2026\\\/04\\\/26\\\/justica-decreta-prisao-preventiva-de-motorista-envolvido-em-tragedia-na-ba-290\\\/\",\"url\":\"https:\\\/\\\/podcafenews.com.br\\\/site\\\/2026\\\/04\\\/26\\\/justica-decreta-prisao-preventiva-de-motorista-envolvido-em-tragedia-na-ba-290\\\/\",\"name\":\"Justi\u00e7a decreta pris\u00e3o preventiva de motorista envolvido em trag\u00e9dia na BA-290 - PodCaf\u00e9 News\",\"isPartOf\":{\"@id\":\"https:\\\/\\\/podcafenews.com.br\\\/site\\\/#website\"},\"primaryImageOfPage\":{\"@id\":\"https:\\\/\\\/podcafenews.com.br\\\/site\\\/2026\\\/04\\\/26\\\/justica-decreta-prisao-preventiva-de-motorista-envolvido-em-tragedia-na-ba-290\\\/#primaryimage\"},\"image\":{\"@id\":\"https:\\\/\\\/podcafenews.com.br\\\/site\\\/2026\\\/04\\\/26\\\/justica-decreta-prisao-preventiva-de-motorista-envolvido-em-tragedia-na-ba-290\\\/#primaryimage\"},\"thumbnailUrl\":\"https:\\\/\\\/podcafenews.com.br\\\/site\\\/wp-content\\\/uploads\\\/2026\\\/04\\\/IMG-20260424-WA0139.jpg\",\"datePublished\":\"2026-04-26T14:17:21+00:00\",\"dateModified\":\"2026-04-26T14:17:22+00:00\",\"breadcrumb\":{\"@id\":\"https:\\\/\\\/podcafenews.com.br\\\/site\\\/2026\\\/04\\\/26\\\/justica-decreta-prisao-preventiva-de-motorista-envolvido-em-tragedia-na-ba-290\\\/#breadcrumb\"},\"inLanguage\":\"pt-BR\",\"potentialAction\":[{\"@type\":\"ReadAction\",\"target\":[\"https:\\\/\\\/podcafenews.com.br\\\/site\\\/2026\\\/04\\\/26\\\/justica-decreta-prisao-preventiva-de-motorista-envolvido-em-tragedia-na-ba-290\\\/\"]}]},{\"@type\":\"ImageObject\",\"inLanguage\":\"pt-BR\",\"@id\":\"https:\\\/\\\/podcafenews.com.br\\\/site\\\/2026\\\/04\\\/26\\\/justica-decreta-prisao-preventiva-de-motorista-envolvido-em-tragedia-na-ba-290\\\/#primaryimage\",\"url\":\"https:\\\/\\\/podcafenews.com.br\\\/site\\\/wp-content\\\/uploads\\\/2026\\\/04\\\/IMG-20260424-WA0139.jpg\",\"contentUrl\":\"https:\\\/\\\/podcafenews.com.br\\\/site\\\/wp-content\\\/uploads\\\/2026\\\/04\\\/IMG-20260424-WA0139.jpg\",\"width\":1080,\"height\":784},{\"@type\":\"BreadcrumbList\",\"@id\":\"https:\\\/\\\/podcafenews.com.br\\\/site\\\/2026\\\/04\\\/26\\\/justica-decreta-prisao-preventiva-de-motorista-envolvido-em-tragedia-na-ba-290\\\/#breadcrumb\",\"itemListElement\":[{\"@type\":\"ListItem\",\"position\":1,\"name\":\"In\u00edcio\",\"item\":\"https:\\\/\\\/podcafenews.com.br\\\/site\\\/\"},{\"@type\":\"ListItem\",\"position\":2,\"name\":\"Justi\u00e7a decreta pris\u00e3o preventiva de motorista envolvido em trag\u00e9dia na BA-290\"}]},{\"@type\":\"WebSite\",\"@id\":\"https:\\\/\\\/podcafenews.com.br\\\/site\\\/#website\",\"url\":\"https:\\\/\\\/podcafenews.com.br\\\/site\\\/\",\"name\":\"PodCaf\u00e9 News\",\"description\":\"De Itanh\u00e9m para o mundo\",\"publisher\":{\"@id\":\"https:\\\/\\\/podcafenews.com.br\\\/site\\\/#organization\"},\"potentialAction\":[{\"@type\":\"SearchAction\",\"target\":{\"@type\":\"EntryPoint\",\"urlTemplate\":\"https:\\\/\\\/podcafenews.com.br\\\/site\\\/?s={search_term_string}\"},\"query-input\":{\"@type\":\"PropertyValueSpecification\",\"valueRequired\":true,\"valueName\":\"search_term_string\"}}],\"inLanguage\":\"pt-BR\"},{\"@type\":\"Organization\",\"@id\":\"https:\\\/\\\/podcafenews.com.br\\\/site\\\/#organization\",\"name\":\"PodCaf\u00e9 News\",\"url\":\"https:\\\/\\\/podcafenews.com.br\\\/site\\\/\",\"logo\":{\"@type\":\"ImageObject\",\"inLanguage\":\"pt-BR\",\"@id\":\"https:\\\/\\\/podcafenews.com.br\\\/site\\\/#\\\/schema\\\/logo\\\/image\\\/\",\"url\":\"https:\\\/\\\/podcafenews.com.br\\\/site\\\/wp-content\\\/uploads\\\/2025\\\/02\\\/logomarca_podcafenews_preto.png\",\"contentUrl\":\"https:\\\/\\\/podcafenews.com.br\\\/site\\\/wp-content\\\/uploads\\\/2025\\\/02\\\/logomarca_podcafenews_preto.png\",\"width\":2128,\"height\":594,\"caption\":\"PodCaf\u00e9 News\"},\"image\":{\"@id\":\"https:\\\/\\\/podcafenews.com.br\\\/site\\\/#\\\/schema\\\/logo\\\/image\\\/\"},\"sameAs\":[\"https:\\\/\\\/www.instagram.com\\\/podcafe_oficial\",\"https:\\\/\\\/www.youtube.com\\\/@PodCafe_oficial\"],\"description\":\"O Pod Caf\u00e9 News \u00e9 uma p\u00e1gina de not\u00edcias. Informa\u00e7\u00e3o e entretenimento de maneira \u00e1gil, leve e agrad\u00e1vel para o internauta.\",\"numberOfEmployees\":{\"@type\":\"QuantitativeValue\",\"minValue\":\"1\",\"maxValue\":\"10\"}},{\"@type\":\"Person\",\"@id\":\"https:\\\/\\\/podcafenews.com.br\\\/site\\\/#\\\/schema\\\/person\\\/a1182c3822081a87fc294d4da23a6db2\",\"name\":\"Jan Cl\u00e9sio Pires\",\"image\":{\"@type\":\"ImageObject\",\"inLanguage\":\"pt-BR\",\"@id\":\"https:\\\/\\\/secure.gravatar.com\\\/avatar\\\/000d9b341117d88687388bec1510d70739bbc7d8a41a6b66721a3c2d79c0b105?s=96&d=mm&r=g\",\"url\":\"https:\\\/\\\/secure.gravatar.com\\\/avatar\\\/000d9b341117d88687388bec1510d70739bbc7d8a41a6b66721a3c2d79c0b105?s=96&d=mm&r=g\",\"contentUrl\":\"https:\\\/\\\/secure.gravatar.com\\\/avatar\\\/000d9b341117d88687388bec1510d70739bbc7d8a41a6b66721a3c2d79c0b105?s=96&d=mm&r=g\",\"caption\":\"Jan Cl\u00e9sio Pires\"},\"description\":\"Formado em Administra\u00e7\u00e3o de Empresas com habilita\u00e7\u00e3o em Marketing pela FASB - Faculdades do Sul da Bahia (Teixeira de Freitas \u2013 Ba) e P\u00f3s Graduado em Gest\u00e3o da Comunica\u00e7\u00e3o e Marketing Institucional pela UCB \u2013 Universidade Castelo Branco (Rio de Janeiro \u2013 RJ)\",\"sameAs\":[\"https:\\\/\\\/podcafenews.com.br\\\/site\"],\"url\":\"https:\\\/\\\/podcafenews.com.br\\\/site\\\/author\\\/admin\\\/\"}]}<\/script>\n<!-- \/ Yoast SEO Premium plugin. -->","yoast_head_json":{"title":"Justi\u00e7a decreta pris\u00e3o preventiva de motorista envolvido em trag\u00e9dia na BA-290 - PodCaf\u00e9 News","robots":{"index":"index","follow":"follow","max-snippet":"max-snippet:-1","max-image-preview":"max-image-preview:large","max-video-preview":"max-video-preview:-1"},"canonical":"https:\/\/podcafenews.com.br\/site\/2026\/04\/26\/justica-decreta-prisao-preventiva-de-motorista-envolvido-em-tragedia-na-ba-290\/","og_locale":"pt_BR","og_type":"article","og_title":"Justi\u00e7a decreta pris\u00e3o preventiva de motorista envolvido em trag\u00e9dia na BA-290","og_description":"O caso do grave acidente ocorrido na BA-290, que resultou na morte de Emanuele Meira de Abreu Santos e de seus dois filhos, Sarah e Jo\u00e3o Pedro, ganhou um novo desdobramento nesta \u00faltima quinta-feira (24). A Justi\u00e7a converteu a pris\u00e3o em flagrante do motorista da caminhonete Hilux, identificado como Ozanan Abrantes Couy, em pris\u00e3o preventiva. [&hellip;]","og_url":"https:\/\/podcafenews.com.br\/site\/2026\/04\/26\/justica-decreta-prisao-preventiva-de-motorista-envolvido-em-tragedia-na-ba-290\/","og_site_name":"PodCaf\u00e9 News","article_published_time":"2026-04-26T14:17:21+00:00","article_modified_time":"2026-04-26T14:17:22+00:00","og_image":[{"width":1080,"height":784,"url":"https:\/\/podcafenews.com.br\/site\/wp-content\/uploads\/2026\/04\/IMG-20260424-WA0139.jpg","type":"image\/jpeg"}],"author":"Jan Cl\u00e9sio Pires","twitter_card":"summary_large_image","twitter_misc":{"Escrito por":"Jan Cl\u00e9sio Pires","Est. tempo de leitura":"2 minutos"},"schema":{"@context":"https:\/\/schema.org","@graph":[{"@type":"NewsArticle","@id":"https:\/\/podcafenews.com.br\/site\/2026\/04\/26\/justica-decreta-prisao-preventiva-de-motorista-envolvido-em-tragedia-na-ba-290\/#article","isPartOf":{"@id":"https:\/\/podcafenews.com.br\/site\/2026\/04\/26\/justica-decreta-prisao-preventiva-de-motorista-envolvido-em-tragedia-na-ba-290\/"},"author":{"name":"Jan Cl\u00e9sio Pires","@id":"https:\/\/podcafenews.com.br\/site\/#\/schema\/person\/a1182c3822081a87fc294d4da23a6db2"},"headline":"Justi\u00e7a decreta pris\u00e3o preventiva de motorista envolvido em trag\u00e9dia na BA-290","datePublished":"2026-04-26T14:17:21+00:00","dateModified":"2026-04-26T14:17:22+00:00","mainEntityOfPage":{"@id":"https:\/\/podcafenews.com.br\/site\/2026\/04\/26\/justica-decreta-prisao-preventiva-de-motorista-envolvido-em-tragedia-na-ba-290\/"},"wordCount":292,"commentCount":0,"publisher":{"@id":"https:\/\/podcafenews.com.br\/site\/#organization"},"image":{"@id":"https:\/\/podcafenews.com.br\/site\/2026\/04\/26\/justica-decreta-prisao-preventiva-de-motorista-envolvido-em-tragedia-na-ba-290\/#primaryimage"},"thumbnailUrl":"https:\/\/podcafenews.com.br\/site\/wp-content\/uploads\/2026\/04\/IMG-20260424-WA0139.jpg","articleSection":["Geral"],"inLanguage":"pt-BR","potentialAction":[{"@type":"CommentAction","name":"Comment","target":["https:\/\/podcafenews.com.br\/site\/2026\/04\/26\/justica-decreta-prisao-preventiva-de-motorista-envolvido-em-tragedia-na-ba-290\/#respond"]}]},{"@type":"WebPage","@id":"https:\/\/podcafenews.com.br\/site\/2026\/04\/26\/justica-decreta-prisao-preventiva-de-motorista-envolvido-em-tragedia-na-ba-290\/","url":"https:\/\/podcafenews.com.br\/site\/2026\/04\/26\/justica-decreta-prisao-preventiva-de-motorista-envolvido-em-tragedia-na-ba-290\/","name":"Justi\u00e7a decreta pris\u00e3o preventiva de motorista envolvido em trag\u00e9dia na BA-290 - PodCaf\u00e9 News","isPartOf":{"@id":"https:\/\/podcafenews.com.br\/site\/#website"},"primaryImageOfPage":{"@id":"https:\/\/podcafenews.com.br\/site\/2026\/04\/26\/justica-decreta-prisao-preventiva-de-motorista-envolvido-em-tragedia-na-ba-290\/#primaryimage"},"image":{"@id":"https:\/\/podcafenews.com.br\/site\/2026\/04\/26\/justica-decreta-prisao-preventiva-de-motorista-envolvido-em-tragedia-na-ba-290\/#primaryimage"},"thumbnailUrl":"https:\/\/podcafenews.com.br\/site\/wp-content\/uploads\/2026\/04\/IMG-20260424-WA0139.jpg","datePublished":"2026-04-26T14:17:21+00:00","dateModified":"2026-04-26T14:17:22+00:00","breadcrumb":{"@id":"https:\/\/podcafenews.com.br\/site\/2026\/04\/26\/justica-decreta-prisao-preventiva-de-motorista-envolvido-em-tragedia-na-ba-290\/#breadcrumb"},"inLanguage":"pt-BR","potentialAction":[{"@type":"ReadAction","target":["https:\/\/podcafenews.com.br\/site\/2026\/04\/26\/justica-decreta-prisao-preventiva-de-motorista-envolvido-em-tragedia-na-ba-290\/"]}]},{"@type":"ImageObject","inLanguage":"pt-BR","@id":"https:\/\/podcafenews.com.br\/site\/2026\/04\/26\/justica-decreta-prisao-preventiva-de-motorista-envolvido-em-tragedia-na-ba-290\/#primaryimage","url":"https:\/\/podcafenews.com.br\/site\/wp-content\/uploads\/2026\/04\/IMG-20260424-WA0139.jpg","contentUrl":"https:\/\/podcafenews.com.br\/site\/wp-content\/uploads\/2026\/04\/IMG-20260424-WA0139.jpg","width":1080,"height":784},{"@type":"BreadcrumbList","@id":"https:\/\/podcafenews.com.br\/site\/2026\/04\/26\/justica-decreta-prisao-preventiva-de-motorista-envolvido-em-tragedia-na-ba-290\/#breadcrumb","itemListElement":[{"@type":"ListItem","position":1,"name":"In\u00edcio","item":"https:\/\/podcafenews.com.br\/site\/"},{"@type":"ListItem","position":2,"name":"Justi\u00e7a decreta pris\u00e3o preventiva de motorista envolvido em trag\u00e9dia na BA-290"}]},{"@type":"WebSite","@id":"https:\/\/podcafenews.com.br\/site\/#website","url":"https:\/\/podcafenews.com.br\/site\/","name":"PodCaf\u00e9 News","description":"De Itanh\u00e9m para o mundo","publisher":{"@id":"https:\/\/podcafenews.com.br\/site\/#organization"},"potentialAction":[{"@type":"SearchAction","target":{"@type":"EntryPoint","urlTemplate":"https:\/\/podcafenews.com.br\/site\/?s={search_term_string}"},"query-input":{"@type":"PropertyValueSpecification","valueRequired":true,"valueName":"search_term_string"}}],"inLanguage":"pt-BR"},{"@type":"Organization","@id":"https:\/\/podcafenews.com.br\/site\/#organization","name":"PodCaf\u00e9 News","url":"https:\/\/podcafenews.com.br\/site\/","logo":{"@type":"ImageObject","inLanguage":"pt-BR","@id":"https:\/\/podcafenews.com.br\/site\/#\/schema\/logo\/image\/","url":"https:\/\/podcafenews.com.br\/site\/wp-content\/uploads\/2025\/02\/logomarca_podcafenews_preto.png","contentUrl":"https:\/\/podcafenews.com.br\/site\/wp-content\/uploads\/2025\/02\/logomarca_podcafenews_preto.png","width":2128,"height":594,"caption":"PodCaf\u00e9 News"},"image":{"@id":"https:\/\/podcafenews.com.br\/site\/#\/schema\/logo\/image\/"},"sameAs":["https:\/\/www.instagram.com\/podcafe_oficial","https:\/\/www.youtube.com\/@PodCafe_oficial"],"description":"O Pod Caf\u00e9 News \u00e9 uma p\u00e1gina de not\u00edcias. Informa\u00e7\u00e3o e entretenimento de maneira \u00e1gil, leve e agrad\u00e1vel para o internauta.","numberOfEmployees":{"@type":"QuantitativeValue","minValue":"1","maxValue":"10"}},{"@type":"Person","@id":"https:\/\/podcafenews.com.br\/site\/#\/schema\/person\/a1182c3822081a87fc294d4da23a6db2","name":"Jan Cl\u00e9sio Pires","image":{"@type":"ImageObject","inLanguage":"pt-BR","@id":"https:\/\/secure.gravatar.com\/avatar\/000d9b341117d88687388bec1510d70739bbc7d8a41a6b66721a3c2d79c0b105?s=96&d=mm&r=g","url":"https:\/\/secure.gravatar.com\/avatar\/000d9b341117d88687388bec1510d70739bbc7d8a41a6b66721a3c2d79c0b105?s=96&d=mm&r=g","contentUrl":"https:\/\/secure.gravatar.com\/avatar\/000d9b341117d88687388bec1510d70739bbc7d8a41a6b66721a3c2d79c0b105?s=96&d=mm&r=g","caption":"Jan Cl\u00e9sio Pires"},"description":"Formado em Administra\u00e7\u00e3o de Empresas com habilita\u00e7\u00e3o em Marketing pela FASB - Faculdades do Sul da Bahia (Teixeira de Freitas \u2013 Ba) e P\u00f3s Graduado em Gest\u00e3o da Comunica\u00e7\u00e3o e Marketing Institucional pela UCB \u2013 Universidade Castelo Branco (Rio de Janeiro \u2013 RJ)","sameAs":["https:\/\/podcafenews.com.br\/site"],"url":"https:\/\/podcafenews.com.br\/site\/author\/admin\/"}]}},"_links":{"self":[{"href":"https:\/\/podcafenews.com.br\/site\/wp-json\/wp\/v2\/posts\/7435","targetHints":{"allow":["GET"]}}],"collection":[{"href":"https:\/\/podcafenews.com.br\/site\/wp-json\/wp\/v2\/posts"}],"about":[{"href":"https:\/\/podcafenews.com.br\/site\/wp-json\/wp\/v2\/types\/post"}],"author":[{"embeddable":true,"href":"https:\/\/podcafenews.com.br\/site\/wp-json\/wp\/v2\/users\/1"}],"replies":[{"embeddable":true,"href":"https:\/\/podcafenews.com.br\/site\/wp-json\/wp\/v2\/comments?post=7435"}],"version-history":[{"count":1,"href":"https:\/\/podcafenews.com.br\/site\/wp-json\/wp\/v2\/posts\/7435\/revisions"}],"predecessor-version":[{"id":7437,"href":"https:\/\/podcafenews.com.br\/site\/wp-json\/wp\/v2\/posts\/7435\/revisions\/7437"}],"wp:featuredmedia":[{"embeddable":true,"href":"https:\/\/podcafenews.com.br\/site\/wp-json\/wp\/v2\/media\/7436"}],"wp:attachment":[{"href":"https:\/\/podcafenews.com.br\/site\/wp-json\/wp\/v2\/media?parent=7435"}],"wp:term":[{"taxonomy":"category","embeddable":true,"href":"https:\/\/podcafenews.com.br\/site\/wp-json\/wp\/v2\/categories?post=7435"},{"taxonomy":"post_tag","embeddable":true,"href":"https:\/\/podcafenews.com.br\/site\/wp-json\/wp\/v2\/tags?post=7435"}],"curies":[{"name":"wp","href":"https:\/\/api.w.org\/{rel}","templated":true}]}}