{"id":7194,"date":"2026-03-14T12:48:23","date_gmt":"2026-03-14T15:48:23","guid":{"rendered":"https:\/\/podcafenews.com.br\/site\/?p=7194"},"modified":"2026-03-14T12:48:29","modified_gmt":"2026-03-14T15:48:29","slug":"itanhem-passa-a-emitir-nova-carteira-de-identidade-nacional-e-cnh-no-proprio-municipio","status":"publish","type":"post","link":"https:\/\/podcafenews.com.br\/site\/2026\/03\/14\/itanhem-passa-a-emitir-nova-carteira-de-identidade-nacional-e-cnh-no-proprio-municipio\/","title":{"rendered":"Itanh\u00e9m passa a emitir nova Carteira de Identidade Nacional e CNH no pr\u00f3prio munic\u00edpio"},"content":{"rendered":"\n<p class=\"\">A popula\u00e7\u00e3o de Itanh\u00e9m passa a contar com mais facilidade no acesso a servi\u00e7os essenciais. O munic\u00edpio agora passa a emitir a Carteira de Identidade Nacional (CIN) e tamb\u00e9m a Carteira Nacional de Habilita\u00e7\u00e3o (CNH) diretamente na cidade, evitando que moradores precisem se deslocar para outros munic\u00edpios para realizar os procedimentos.<\/p>\n\n\n\n<p class=\"\">A iniciativa \u00e9 resultado de uma parceria entre o Governo do Estado da Bahia, por meio da Secretaria da Seguran\u00e7a P\u00fablica, com a interveni\u00eancia do Departamento de Pol\u00edcia T\u00e9cnica (DPT), da Secretaria da Administra\u00e7\u00e3o, do Departamento Estadual de Tr\u00e2nsito da Bahia (Detran-BA) e da Prefeitura de Itanh\u00e9m.<\/p>\n\n\n\n<figure class=\"wp-block-image size-full\"><img fetchpriority=\"high\" decoding=\"async\" width=\"750\" height=\"463\" src=\"https:\/\/podcafenews.com.br\/site\/wp-content\/uploads\/2025\/09\/Clinica-Sao-Luiz-1.jpg\" alt=\"\" class=\"wp-image-5142\" srcset=\"https:\/\/podcafenews.com.br\/site\/wp-content\/uploads\/2025\/09\/Clinica-Sao-Luiz-1.jpg 750w, https:\/\/podcafenews.com.br\/site\/wp-content\/uploads\/2025\/09\/Clinica-Sao-Luiz-1-300x185.jpg 300w\" sizes=\"(max-width: 750px) 100vw, 750px\" \/><\/figure>\n\n\n\n<p class=\"\"><\/p>\n\n\n\n<p class=\"\">Com a implanta\u00e7\u00e3o dos novos servi\u00e7os, a expectativa \u00e9 garantir mais comodidade, rapidez e acesso \u00e0 documenta\u00e7\u00e3o para os moradores, al\u00e9m de reduzir custos e tempo de deslocamento para quem precisava buscar esses atendimentos em outras cidades da regi\u00e3o.<\/p>\n\n\n\n<p class=\"\">A medida representa um avan\u00e7o importante na amplia\u00e7\u00e3o dos servi\u00e7os p\u00fablicos oferecidos \u00e0 popula\u00e7\u00e3o e fortalece o atendimento no pr\u00f3prio munic\u00edpio, aproximando os cidad\u00e3os de direitos b\u00e1sicos como a emiss\u00e3o de documentos oficiais.<\/p>\n\n\n\n<figure class=\"wp-block-image size-full\"><img decoding=\"async\" width=\"479\" height=\"217\" src=\"https:\/\/podcafenews.com.br\/site\/wp-content\/uploads\/2025\/09\/VISTALAB-2.jpeg\" alt=\"\" class=\"wp-image-5539\" srcset=\"https:\/\/podcafenews.com.br\/site\/wp-content\/uploads\/2025\/09\/VISTALAB-2.jpeg 479w, https:\/\/podcafenews.com.br\/site\/wp-content\/uploads\/2025\/09\/VISTALAB-2-300x136.jpeg 300w\" sizes=\"(max-width: 479px) 100vw, 479px\" \/><\/figure>\n\n\n\n<p class=\"\"><\/p>\n\n\n\n<p class=\"\">Durante o an\u00fancio, o prefeito Bemtivi destacou a import\u00e2ncia da conquista para a popula\u00e7\u00e3o.<\/p>\n\n\n\n<p class=\"\"><strong>\u201cEsse \u00e9 um momento muito importante para Itanh\u00e9m. A partir de agora, nossa popula\u00e7\u00e3o n\u00e3o precisa mais sair da cidade para tirar documentos t\u00e3o importantes como a identidade e a CNH. \u00c9 mais comodidade, mais dignidade e respeito com o cidad\u00e3o. Nosso compromisso \u00e9 continuar trabalhando para trazer cada vez mais servi\u00e7os e melhorias para o nosso povo.\u201d<\/strong><\/p>\n\n\n\n<p class=\"\">Fonte: <a href=\"https:\/\/bahiaextremosul.com.br\/itanhem-passa-a-emitir-nova-carteira-de-identidade-nacional-e-cnh-no-proprio-municipio\" type=\"link\" id=\"https:\/\/bahiaextremosul.com.br\/itanhem-passa-a-emitir-nova-carteira-de-identidade-nacional-e-cnh-no-proprio-municipio\"><mark style=\"background-color:rgba(0, 0, 0, 0)\" class=\"has-inline-color has-luminous-vivid-orange-color\">Bahiaextremosul<\/mark><\/a> <\/p>\n\n\n\n<p class=\"\"><\/p>\n","protected":false},"excerpt":{"rendered":"<p>A popula\u00e7\u00e3o de Itanh\u00e9m passa a contar com mais facilidade no acesso a servi\u00e7os essenciais. O munic\u00edpio agora passa a emitir a Carteira de Identidade Nacional (CIN) e tamb\u00e9m a Carteira Nacional de Habilita\u00e7\u00e3o (CNH) diretamente na cidade, evitando que moradores precisem se deslocar para outros munic\u00edpios para realizar os procedimentos. A iniciativa \u00e9 resultado [&hellip;]<\/p>\n","protected":false},"author":1,"featured_media":7195,"comment_status":"open","ping_status":"open","sticky":false,"template":"","format":"standard","meta":{"nf_dc_page":"","footnotes":""},"categories":[66],"tags":[],"class_list":["post-7194","post","type-post","status-publish","format-standard","has-post-thumbnail","hentry","category-itanhem"],"yoast_head":"<!-- This site is optimized with the Yoast SEO Premium plugin v26.5 (Yoast SEO v27.4) - https:\/\/yoast.com\/product\/yoast-seo-premium-wordpress\/ -->\n<title>Itanh\u00e9m passa a emitir nova Carteira de Identidade Nacional e CNH no pr\u00f3prio munic\u00edpio - PodCaf\u00e9 News<\/title>\n<meta name=\"robots\" content=\"index, follow, max-snippet:-1, max-image-preview:large, max-video-preview:-1\" \/>\n<link rel=\"canonical\" href=\"https:\/\/podcafenews.com.br\/site\/2026\/03\/14\/itanhem-passa-a-emitir-nova-carteira-de-identidade-nacional-e-cnh-no-proprio-municipio\/\" \/>\n<meta property=\"og:locale\" content=\"pt_BR\" \/>\n<meta property=\"og:type\" content=\"article\" \/>\n<meta property=\"og:title\" content=\"Itanh\u00e9m passa a emitir nova Carteira de Identidade Nacional e CNH no pr\u00f3prio munic\u00edpio\" \/>\n<meta property=\"og:description\" content=\"A popula\u00e7\u00e3o de Itanh\u00e9m passa a contar com mais facilidade no acesso a servi\u00e7os essenciais. O munic\u00edpio agora passa a emitir a Carteira de Identidade Nacional (CIN) e tamb\u00e9m a Carteira Nacional de Habilita\u00e7\u00e3o (CNH) diretamente na cidade, evitando que moradores precisem se deslocar para outros munic\u00edpios para realizar os procedimentos. A iniciativa \u00e9 resultado [&hellip;]\" \/>\n<meta property=\"og:url\" content=\"https:\/\/podcafenews.com.br\/site\/2026\/03\/14\/itanhem-passa-a-emitir-nova-carteira-de-identidade-nacional-e-cnh-no-proprio-municipio\/\" \/>\n<meta property=\"og:site_name\" content=\"PodCaf\u00e9 News\" \/>\n<meta property=\"article:published_time\" content=\"2026-03-14T15:48:23+00:00\" \/>\n<meta property=\"article:modified_time\" content=\"2026-03-14T15:48:29+00:00\" \/>\n<meta property=\"og:image\" content=\"https:\/\/podcafenews.com.br\/site\/wp-content\/uploads\/2026\/03\/post-1773491985.webp\" \/>\n\t<meta property=\"og:image:width\" content=\"647\" \/>\n\t<meta property=\"og:image:height\" content=\"369\" \/>\n\t<meta property=\"og:image:type\" content=\"image\/webp\" \/>\n<meta name=\"author\" content=\"Jan Cl\u00e9sio Pires\" \/>\n<meta name=\"twitter:card\" content=\"summary_large_image\" \/>\n<meta name=\"twitter:label1\" content=\"Escrito por\" \/>\n\t<meta name=\"twitter:data1\" content=\"Jan Cl\u00e9sio Pires\" \/>\n\t<meta name=\"twitter:label2\" content=\"Est. tempo de leitura\" \/>\n\t<meta name=\"twitter:data2\" content=\"2 minutos\" \/>\n<script type=\"application\/ld+json\" class=\"yoast-schema-graph\">{\"@context\":\"https:\\\/\\\/schema.org\",\"@graph\":[{\"@type\":\"NewsArticle\",\"@id\":\"https:\\\/\\\/podcafenews.com.br\\\/site\\\/2026\\\/03\\\/14\\\/itanhem-passa-a-emitir-nova-carteira-de-identidade-nacional-e-cnh-no-proprio-municipio\\\/#article\",\"isPartOf\":{\"@id\":\"https:\\\/\\\/podcafenews.com.br\\\/site\\\/2026\\\/03\\\/14\\\/itanhem-passa-a-emitir-nova-carteira-de-identidade-nacional-e-cnh-no-proprio-municipio\\\/\"},\"author\":{\"name\":\"Jan Cl\u00e9sio Pires\",\"@id\":\"https:\\\/\\\/podcafenews.com.br\\\/site\\\/#\\\/schema\\\/person\\\/a1182c3822081a87fc294d4da23a6db2\"},\"headline\":\"Itanh\u00e9m passa a emitir nova Carteira de Identidade Nacional e CNH no pr\u00f3prio munic\u00edpio\",\"datePublished\":\"2026-03-14T15:48:23+00:00\",\"dateModified\":\"2026-03-14T15:48:29+00:00\",\"mainEntityOfPage\":{\"@id\":\"https:\\\/\\\/podcafenews.com.br\\\/site\\\/2026\\\/03\\\/14\\\/itanhem-passa-a-emitir-nova-carteira-de-identidade-nacional-e-cnh-no-proprio-municipio\\\/\"},\"wordCount\":293,\"commentCount\":0,\"publisher\":{\"@id\":\"https:\\\/\\\/podcafenews.com.br\\\/site\\\/#organization\"},\"image\":{\"@id\":\"https:\\\/\\\/podcafenews.com.br\\\/site\\\/2026\\\/03\\\/14\\\/itanhem-passa-a-emitir-nova-carteira-de-identidade-nacional-e-cnh-no-proprio-municipio\\\/#primaryimage\"},\"thumbnailUrl\":\"https:\\\/\\\/podcafenews.com.br\\\/site\\\/wp-content\\\/uploads\\\/2026\\\/03\\\/post-1773491985.webp\",\"articleSection\":[\"ITANH\u00c9M\"],\"inLanguage\":\"pt-BR\",\"potentialAction\":[{\"@type\":\"CommentAction\",\"name\":\"Comment\",\"target\":[\"https:\\\/\\\/podcafenews.com.br\\\/site\\\/2026\\\/03\\\/14\\\/itanhem-passa-a-emitir-nova-carteira-de-identidade-nacional-e-cnh-no-proprio-municipio\\\/#respond\"]}]},{\"@type\":\"WebPage\",\"@id\":\"https:\\\/\\\/podcafenews.com.br\\\/site\\\/2026\\\/03\\\/14\\\/itanhem-passa-a-emitir-nova-carteira-de-identidade-nacional-e-cnh-no-proprio-municipio\\\/\",\"url\":\"https:\\\/\\\/podcafenews.com.br\\\/site\\\/2026\\\/03\\\/14\\\/itanhem-passa-a-emitir-nova-carteira-de-identidade-nacional-e-cnh-no-proprio-municipio\\\/\",\"name\":\"Itanh\u00e9m passa a emitir nova Carteira de Identidade Nacional e CNH no pr\u00f3prio munic\u00edpio - PodCaf\u00e9 News\",\"isPartOf\":{\"@id\":\"https:\\\/\\\/podcafenews.com.br\\\/site\\\/#website\"},\"primaryImageOfPage\":{\"@id\":\"https:\\\/\\\/podcafenews.com.br\\\/site\\\/2026\\\/03\\\/14\\\/itanhem-passa-a-emitir-nova-carteira-de-identidade-nacional-e-cnh-no-proprio-municipio\\\/#primaryimage\"},\"image\":{\"@id\":\"https:\\\/\\\/podcafenews.com.br\\\/site\\\/2026\\\/03\\\/14\\\/itanhem-passa-a-emitir-nova-carteira-de-identidade-nacional-e-cnh-no-proprio-municipio\\\/#primaryimage\"},\"thumbnailUrl\":\"https:\\\/\\\/podcafenews.com.br\\\/site\\\/wp-content\\\/uploads\\\/2026\\\/03\\\/post-1773491985.webp\",\"datePublished\":\"2026-03-14T15:48:23+00:00\",\"dateModified\":\"2026-03-14T15:48:29+00:00\",\"breadcrumb\":{\"@id\":\"https:\\\/\\\/podcafenews.com.br\\\/site\\\/2026\\\/03\\\/14\\\/itanhem-passa-a-emitir-nova-carteira-de-identidade-nacional-e-cnh-no-proprio-municipio\\\/#breadcrumb\"},\"inLanguage\":\"pt-BR\",\"potentialAction\":[{\"@type\":\"ReadAction\",\"target\":[\"https:\\\/\\\/podcafenews.com.br\\\/site\\\/2026\\\/03\\\/14\\\/itanhem-passa-a-emitir-nova-carteira-de-identidade-nacional-e-cnh-no-proprio-municipio\\\/\"]}]},{\"@type\":\"ImageObject\",\"inLanguage\":\"pt-BR\",\"@id\":\"https:\\\/\\\/podcafenews.com.br\\\/site\\\/2026\\\/03\\\/14\\\/itanhem-passa-a-emitir-nova-carteira-de-identidade-nacional-e-cnh-no-proprio-municipio\\\/#primaryimage\",\"url\":\"https:\\\/\\\/podcafenews.com.br\\\/site\\\/wp-content\\\/uploads\\\/2026\\\/03\\\/post-1773491985.webp\",\"contentUrl\":\"https:\\\/\\\/podcafenews.com.br\\\/site\\\/wp-content\\\/uploads\\\/2026\\\/03\\\/post-1773491985.webp\",\"width\":647,\"height\":369},{\"@type\":\"BreadcrumbList\",\"@id\":\"https:\\\/\\\/podcafenews.com.br\\\/site\\\/2026\\\/03\\\/14\\\/itanhem-passa-a-emitir-nova-carteira-de-identidade-nacional-e-cnh-no-proprio-municipio\\\/#breadcrumb\",\"itemListElement\":[{\"@type\":\"ListItem\",\"position\":1,\"name\":\"In\u00edcio\",\"item\":\"https:\\\/\\\/podcafenews.com.br\\\/site\\\/\"},{\"@type\":\"ListItem\",\"position\":2,\"name\":\"Itanh\u00e9m passa a emitir nova Carteira de Identidade Nacional e CNH no pr\u00f3prio munic\u00edpio\"}]},{\"@type\":\"WebSite\",\"@id\":\"https:\\\/\\\/podcafenews.com.br\\\/site\\\/#website\",\"url\":\"https:\\\/\\\/podcafenews.com.br\\\/site\\\/\",\"name\":\"PodCaf\u00e9 News\",\"description\":\"De Itanh\u00e9m para o mundo\",\"publisher\":{\"@id\":\"https:\\\/\\\/podcafenews.com.br\\\/site\\\/#organization\"},\"potentialAction\":[{\"@type\":\"SearchAction\",\"target\":{\"@type\":\"EntryPoint\",\"urlTemplate\":\"https:\\\/\\\/podcafenews.com.br\\\/site\\\/?s={search_term_string}\"},\"query-input\":{\"@type\":\"PropertyValueSpecification\",\"valueRequired\":true,\"valueName\":\"search_term_string\"}}],\"inLanguage\":\"pt-BR\"},{\"@type\":\"Organization\",\"@id\":\"https:\\\/\\\/podcafenews.com.br\\\/site\\\/#organization\",\"name\":\"PodCaf\u00e9 News\",\"url\":\"https:\\\/\\\/podcafenews.com.br\\\/site\\\/\",\"logo\":{\"@type\":\"ImageObject\",\"inLanguage\":\"pt-BR\",\"@id\":\"https:\\\/\\\/podcafenews.com.br\\\/site\\\/#\\\/schema\\\/logo\\\/image\\\/\",\"url\":\"https:\\\/\\\/podcafenews.com.br\\\/site\\\/wp-content\\\/uploads\\\/2025\\\/02\\\/logomarca_podcafenews_preto.png\",\"contentUrl\":\"https:\\\/\\\/podcafenews.com.br\\\/site\\\/wp-content\\\/uploads\\\/2025\\\/02\\\/logomarca_podcafenews_preto.png\",\"width\":2128,\"height\":594,\"caption\":\"PodCaf\u00e9 News\"},\"image\":{\"@id\":\"https:\\\/\\\/podcafenews.com.br\\\/site\\\/#\\\/schema\\\/logo\\\/image\\\/\"},\"sameAs\":[\"https:\\\/\\\/www.instagram.com\\\/podcafe_oficial\",\"https:\\\/\\\/www.youtube.com\\\/@PodCafe_oficial\"],\"description\":\"O Pod Caf\u00e9 News \u00e9 uma p\u00e1gina de not\u00edcias. Informa\u00e7\u00e3o e entretenimento de maneira \u00e1gil, leve e agrad\u00e1vel para o internauta.\",\"numberOfEmployees\":{\"@type\":\"QuantitativeValue\",\"minValue\":\"1\",\"maxValue\":\"10\"}},{\"@type\":\"Person\",\"@id\":\"https:\\\/\\\/podcafenews.com.br\\\/site\\\/#\\\/schema\\\/person\\\/a1182c3822081a87fc294d4da23a6db2\",\"name\":\"Jan Cl\u00e9sio Pires\",\"image\":{\"@type\":\"ImageObject\",\"inLanguage\":\"pt-BR\",\"@id\":\"https:\\\/\\\/secure.gravatar.com\\\/avatar\\\/000d9b341117d88687388bec1510d70739bbc7d8a41a6b66721a3c2d79c0b105?s=96&d=mm&r=g\",\"url\":\"https:\\\/\\\/secure.gravatar.com\\\/avatar\\\/000d9b341117d88687388bec1510d70739bbc7d8a41a6b66721a3c2d79c0b105?s=96&d=mm&r=g\",\"contentUrl\":\"https:\\\/\\\/secure.gravatar.com\\\/avatar\\\/000d9b341117d88687388bec1510d70739bbc7d8a41a6b66721a3c2d79c0b105?s=96&d=mm&r=g\",\"caption\":\"Jan Cl\u00e9sio Pires\"},\"description\":\"Formado em Administra\u00e7\u00e3o de Empresas com habilita\u00e7\u00e3o em Marketing pela FASB - Faculdades do Sul da Bahia (Teixeira de Freitas \u2013 Ba) e P\u00f3s Graduado em Gest\u00e3o da Comunica\u00e7\u00e3o e Marketing Institucional pela UCB \u2013 Universidade Castelo Branco (Rio de Janeiro \u2013 RJ)\",\"sameAs\":[\"https:\\\/\\\/podcafenews.com.br\\\/site\"],\"url\":\"https:\\\/\\\/podcafenews.com.br\\\/site\\\/author\\\/admin\\\/\"}]}<\/script>\n<!-- \/ Yoast SEO Premium plugin. -->","yoast_head_json":{"title":"Itanh\u00e9m passa a emitir nova Carteira de Identidade Nacional e CNH no pr\u00f3prio munic\u00edpio - PodCaf\u00e9 News","robots":{"index":"index","follow":"follow","max-snippet":"max-snippet:-1","max-image-preview":"max-image-preview:large","max-video-preview":"max-video-preview:-1"},"canonical":"https:\/\/podcafenews.com.br\/site\/2026\/03\/14\/itanhem-passa-a-emitir-nova-carteira-de-identidade-nacional-e-cnh-no-proprio-municipio\/","og_locale":"pt_BR","og_type":"article","og_title":"Itanh\u00e9m passa a emitir nova Carteira de Identidade Nacional e CNH no pr\u00f3prio munic\u00edpio","og_description":"A popula\u00e7\u00e3o de Itanh\u00e9m passa a contar com mais facilidade no acesso a servi\u00e7os essenciais. O munic\u00edpio agora passa a emitir a Carteira de Identidade Nacional (CIN) e tamb\u00e9m a Carteira Nacional de Habilita\u00e7\u00e3o (CNH) diretamente na cidade, evitando que moradores precisem se deslocar para outros munic\u00edpios para realizar os procedimentos. A iniciativa \u00e9 resultado [&hellip;]","og_url":"https:\/\/podcafenews.com.br\/site\/2026\/03\/14\/itanhem-passa-a-emitir-nova-carteira-de-identidade-nacional-e-cnh-no-proprio-municipio\/","og_site_name":"PodCaf\u00e9 News","article_published_time":"2026-03-14T15:48:23+00:00","article_modified_time":"2026-03-14T15:48:29+00:00","og_image":[{"width":647,"height":369,"url":"https:\/\/podcafenews.com.br\/site\/wp-content\/uploads\/2026\/03\/post-1773491985.webp","type":"image\/webp"}],"author":"Jan Cl\u00e9sio Pires","twitter_card":"summary_large_image","twitter_misc":{"Escrito por":"Jan Cl\u00e9sio Pires","Est. tempo de leitura":"2 minutos"},"schema":{"@context":"https:\/\/schema.org","@graph":[{"@type":"NewsArticle","@id":"https:\/\/podcafenews.com.br\/site\/2026\/03\/14\/itanhem-passa-a-emitir-nova-carteira-de-identidade-nacional-e-cnh-no-proprio-municipio\/#article","isPartOf":{"@id":"https:\/\/podcafenews.com.br\/site\/2026\/03\/14\/itanhem-passa-a-emitir-nova-carteira-de-identidade-nacional-e-cnh-no-proprio-municipio\/"},"author":{"name":"Jan Cl\u00e9sio Pires","@id":"https:\/\/podcafenews.com.br\/site\/#\/schema\/person\/a1182c3822081a87fc294d4da23a6db2"},"headline":"Itanh\u00e9m passa a emitir nova Carteira de Identidade Nacional e CNH no pr\u00f3prio munic\u00edpio","datePublished":"2026-03-14T15:48:23+00:00","dateModified":"2026-03-14T15:48:29+00:00","mainEntityOfPage":{"@id":"https:\/\/podcafenews.com.br\/site\/2026\/03\/14\/itanhem-passa-a-emitir-nova-carteira-de-identidade-nacional-e-cnh-no-proprio-municipio\/"},"wordCount":293,"commentCount":0,"publisher":{"@id":"https:\/\/podcafenews.com.br\/site\/#organization"},"image":{"@id":"https:\/\/podcafenews.com.br\/site\/2026\/03\/14\/itanhem-passa-a-emitir-nova-carteira-de-identidade-nacional-e-cnh-no-proprio-municipio\/#primaryimage"},"thumbnailUrl":"https:\/\/podcafenews.com.br\/site\/wp-content\/uploads\/2026\/03\/post-1773491985.webp","articleSection":["ITANH\u00c9M"],"inLanguage":"pt-BR","potentialAction":[{"@type":"CommentAction","name":"Comment","target":["https:\/\/podcafenews.com.br\/site\/2026\/03\/14\/itanhem-passa-a-emitir-nova-carteira-de-identidade-nacional-e-cnh-no-proprio-municipio\/#respond"]}]},{"@type":"WebPage","@id":"https:\/\/podcafenews.com.br\/site\/2026\/03\/14\/itanhem-passa-a-emitir-nova-carteira-de-identidade-nacional-e-cnh-no-proprio-municipio\/","url":"https:\/\/podcafenews.com.br\/site\/2026\/03\/14\/itanhem-passa-a-emitir-nova-carteira-de-identidade-nacional-e-cnh-no-proprio-municipio\/","name":"Itanh\u00e9m passa a emitir nova Carteira de Identidade Nacional e CNH no pr\u00f3prio munic\u00edpio - PodCaf\u00e9 News","isPartOf":{"@id":"https:\/\/podcafenews.com.br\/site\/#website"},"primaryImageOfPage":{"@id":"https:\/\/podcafenews.com.br\/site\/2026\/03\/14\/itanhem-passa-a-emitir-nova-carteira-de-identidade-nacional-e-cnh-no-proprio-municipio\/#primaryimage"},"image":{"@id":"https:\/\/podcafenews.com.br\/site\/2026\/03\/14\/itanhem-passa-a-emitir-nova-carteira-de-identidade-nacional-e-cnh-no-proprio-municipio\/#primaryimage"},"thumbnailUrl":"https:\/\/podcafenews.com.br\/site\/wp-content\/uploads\/2026\/03\/post-1773491985.webp","datePublished":"2026-03-14T15:48:23+00:00","dateModified":"2026-03-14T15:48:29+00:00","breadcrumb":{"@id":"https:\/\/podcafenews.com.br\/site\/2026\/03\/14\/itanhem-passa-a-emitir-nova-carteira-de-identidade-nacional-e-cnh-no-proprio-municipio\/#breadcrumb"},"inLanguage":"pt-BR","potentialAction":[{"@type":"ReadAction","target":["https:\/\/podcafenews.com.br\/site\/2026\/03\/14\/itanhem-passa-a-emitir-nova-carteira-de-identidade-nacional-e-cnh-no-proprio-municipio\/"]}]},{"@type":"ImageObject","inLanguage":"pt-BR","@id":"https:\/\/podcafenews.com.br\/site\/2026\/03\/14\/itanhem-passa-a-emitir-nova-carteira-de-identidade-nacional-e-cnh-no-proprio-municipio\/#primaryimage","url":"https:\/\/podcafenews.com.br\/site\/wp-content\/uploads\/2026\/03\/post-1773491985.webp","contentUrl":"https:\/\/podcafenews.com.br\/site\/wp-content\/uploads\/2026\/03\/post-1773491985.webp","width":647,"height":369},{"@type":"BreadcrumbList","@id":"https:\/\/podcafenews.com.br\/site\/2026\/03\/14\/itanhem-passa-a-emitir-nova-carteira-de-identidade-nacional-e-cnh-no-proprio-municipio\/#breadcrumb","itemListElement":[{"@type":"ListItem","position":1,"name":"In\u00edcio","item":"https:\/\/podcafenews.com.br\/site\/"},{"@type":"ListItem","position":2,"name":"Itanh\u00e9m passa a emitir nova Carteira de Identidade Nacional e CNH no pr\u00f3prio munic\u00edpio"}]},{"@type":"WebSite","@id":"https:\/\/podcafenews.com.br\/site\/#website","url":"https:\/\/podcafenews.com.br\/site\/","name":"PodCaf\u00e9 News","description":"De Itanh\u00e9m para o mundo","publisher":{"@id":"https:\/\/podcafenews.com.br\/site\/#organization"},"potentialAction":[{"@type":"SearchAction","target":{"@type":"EntryPoint","urlTemplate":"https:\/\/podcafenews.com.br\/site\/?s={search_term_string}"},"query-input":{"@type":"PropertyValueSpecification","valueRequired":true,"valueName":"search_term_string"}}],"inLanguage":"pt-BR"},{"@type":"Organization","@id":"https:\/\/podcafenews.com.br\/site\/#organization","name":"PodCaf\u00e9 News","url":"https:\/\/podcafenews.com.br\/site\/","logo":{"@type":"ImageObject","inLanguage":"pt-BR","@id":"https:\/\/podcafenews.com.br\/site\/#\/schema\/logo\/image\/","url":"https:\/\/podcafenews.com.br\/site\/wp-content\/uploads\/2025\/02\/logomarca_podcafenews_preto.png","contentUrl":"https:\/\/podcafenews.com.br\/site\/wp-content\/uploads\/2025\/02\/logomarca_podcafenews_preto.png","width":2128,"height":594,"caption":"PodCaf\u00e9 News"},"image":{"@id":"https:\/\/podcafenews.com.br\/site\/#\/schema\/logo\/image\/"},"sameAs":["https:\/\/www.instagram.com\/podcafe_oficial","https:\/\/www.youtube.com\/@PodCafe_oficial"],"description":"O Pod Caf\u00e9 News \u00e9 uma p\u00e1gina de not\u00edcias. Informa\u00e7\u00e3o e entretenimento de maneira \u00e1gil, leve e agrad\u00e1vel para o internauta.","numberOfEmployees":{"@type":"QuantitativeValue","minValue":"1","maxValue":"10"}},{"@type":"Person","@id":"https:\/\/podcafenews.com.br\/site\/#\/schema\/person\/a1182c3822081a87fc294d4da23a6db2","name":"Jan Cl\u00e9sio Pires","image":{"@type":"ImageObject","inLanguage":"pt-BR","@id":"https:\/\/secure.gravatar.com\/avatar\/000d9b341117d88687388bec1510d70739bbc7d8a41a6b66721a3c2d79c0b105?s=96&d=mm&r=g","url":"https:\/\/secure.gravatar.com\/avatar\/000d9b341117d88687388bec1510d70739bbc7d8a41a6b66721a3c2d79c0b105?s=96&d=mm&r=g","contentUrl":"https:\/\/secure.gravatar.com\/avatar\/000d9b341117d88687388bec1510d70739bbc7d8a41a6b66721a3c2d79c0b105?s=96&d=mm&r=g","caption":"Jan Cl\u00e9sio Pires"},"description":"Formado em Administra\u00e7\u00e3o de Empresas com habilita\u00e7\u00e3o em Marketing pela FASB - Faculdades do Sul da Bahia (Teixeira de Freitas \u2013 Ba) e P\u00f3s Graduado em Gest\u00e3o da Comunica\u00e7\u00e3o e Marketing Institucional pela UCB \u2013 Universidade Castelo Branco (Rio de Janeiro \u2013 RJ)","sameAs":["https:\/\/podcafenews.com.br\/site"],"url":"https:\/\/podcafenews.com.br\/site\/author\/admin\/"}]}},"_links":{"self":[{"href":"https:\/\/podcafenews.com.br\/site\/wp-json\/wp\/v2\/posts\/7194","targetHints":{"allow":["GET"]}}],"collection":[{"href":"https:\/\/podcafenews.com.br\/site\/wp-json\/wp\/v2\/posts"}],"about":[{"href":"https:\/\/podcafenews.com.br\/site\/wp-json\/wp\/v2\/types\/post"}],"author":[{"embeddable":true,"href":"https:\/\/podcafenews.com.br\/site\/wp-json\/wp\/v2\/users\/1"}],"replies":[{"embeddable":true,"href":"https:\/\/podcafenews.com.br\/site\/wp-json\/wp\/v2\/comments?post=7194"}],"version-history":[{"count":1,"href":"https:\/\/podcafenews.com.br\/site\/wp-json\/wp\/v2\/posts\/7194\/revisions"}],"predecessor-version":[{"id":7196,"href":"https:\/\/podcafenews.com.br\/site\/wp-json\/wp\/v2\/posts\/7194\/revisions\/7196"}],"wp:featuredmedia":[{"embeddable":true,"href":"https:\/\/podcafenews.com.br\/site\/wp-json\/wp\/v2\/media\/7195"}],"wp:attachment":[{"href":"https:\/\/podcafenews.com.br\/site\/wp-json\/wp\/v2\/media?parent=7194"}],"wp:term":[{"taxonomy":"category","embeddable":true,"href":"https:\/\/podcafenews.com.br\/site\/wp-json\/wp\/v2\/categories?post=7194"},{"taxonomy":"post_tag","embeddable":true,"href":"https:\/\/podcafenews.com.br\/site\/wp-json\/wp\/v2\/tags?post=7194"}],"curies":[{"name":"wp","href":"https:\/\/api.w.org\/{rel}","templated":true}]}}