{"id":7169,"date":"2026-03-09T16:46:58","date_gmt":"2026-03-09T19:46:58","guid":{"rendered":"https:\/\/podcafenews.com.br\/site\/?p=7169"},"modified":"2026-03-09T17:16:04","modified_gmt":"2026-03-09T20:16:04","slug":"prefeitura-de-itanhem-decide-encerrar-abate-de-suinos-e-curtume-no-curral-da-matanca","status":"publish","type":"post","link":"https:\/\/podcafenews.com.br\/site\/2026\/03\/09\/prefeitura-de-itanhem-decide-encerrar-abate-de-suinos-e-curtume-no-curral-da-matanca\/","title":{"rendered":"Prefeitura de Itanh\u00e9m decide encerrar abate de su\u00ednos e curtume no Curral da Matan\u00e7a"},"content":{"rendered":"\n<p class=\"\">Uma reuni\u00e3o realizada na tarde desta segunda-feira (9), no gabinete da Prefeitura de Itanh\u00e9m, definiu uma s\u00e9rie de medidas voltadas \u00e0 readequa\u00e7\u00e3o ambiental da \u00e1rea conhecida como Curral da Matan\u00e7a. O encontro teve como principal pauta a desativa\u00e7\u00e3o das atividades de abate de su\u00ednos e do curtume de couros no local.<\/p>\n\n\n\n<p class=\"\"><strong>A decis\u00e3o da Prefeitura ocorre no contexto do Inqu\u00e9rito Civil n\u00ba 090.9.351803\/2025, instaurado pelo Minist\u00e9rio P\u00fablico da Bahia ap\u00f3s den\u00fancias de moradores do Loteamento Santa Maria, relatando o descarte irregular de res\u00edduos de curtume e de chiqueiro em via p\u00fablica e em um riacho da regi\u00e3o. Segundo os autos, a situa\u00e7\u00e3o vinha causando forte mau cheiro, prolifera\u00e7\u00e3o de urubus, moscas e outros vetores, polui\u00e7\u00e3o vis\u00edvel da \u00e1gua, risco de contamina\u00e7\u00e3o do solo e do len\u00e7ol fre\u00e1tico, al\u00e9m de amea\u00e7a \u00e0 sa\u00fade p\u00fablica, o que levou o MP a cobrar provid\u00eancias concretas do Munic\u00edpio em rela\u00e7\u00e3o ao chamado \u201ccurral da matan\u00e7a\u201d.<\/strong><\/p>\n\n\n\n<figure class=\"wp-block-image size-large\"><img fetchpriority=\"high\" decoding=\"async\" width=\"1024\" height=\"769\" src=\"https:\/\/podcafenews.com.br\/site\/wp-content\/uploads\/2026\/03\/IMG-20260309-WA0734-1024x769.jpg\" alt=\"\" class=\"wp-image-7173\" srcset=\"https:\/\/podcafenews.com.br\/site\/wp-content\/uploads\/2026\/03\/IMG-20260309-WA0734-1024x769.jpg 1024w, https:\/\/podcafenews.com.br\/site\/wp-content\/uploads\/2026\/03\/IMG-20260309-WA0734-300x225.jpg 300w, https:\/\/podcafenews.com.br\/site\/wp-content\/uploads\/2026\/03\/IMG-20260309-WA0734-768x576.jpg 768w, https:\/\/podcafenews.com.br\/site\/wp-content\/uploads\/2026\/03\/IMG-20260309-WA0734-1536x1153.jpg 1536w, https:\/\/podcafenews.com.br\/site\/wp-content\/uploads\/2026\/03\/IMG-20260309-WA0734-750x563.jpg 750w, https:\/\/podcafenews.com.br\/site\/wp-content\/uploads\/2026\/03\/IMG-20260309-WA0734-1140x856.jpg 1140w, https:\/\/podcafenews.com.br\/site\/wp-content\/uploads\/2026\/03\/IMG-20260309-WA0734.jpg 1600w\" sizes=\"(max-width: 1024px) 100vw, 1024px\" \/><\/figure>\n\n\n\n<p class=\"\"><\/p>\n\n\n\n<p class=\"\">Participaram da reuni\u00e3o o prefeito Bemtivi, o procurador municipal Gustavo Henrique Bahia Teixeira, o chefe de gabinete Jo\u00e3o Paulo Mehnati Amaral de Sousa, o diretor de Meio Ambiente Delzivan Silva Gomes, a fiscal ambiental Yara Franco de Oliveira, o representante da Vigil\u00e2ncia Sanit\u00e1ria Rodrigo Lisboa Santos, al\u00e9m do vereador Guilherme Caires Afonso e representantes da comunidade e do setor envolvido nas atividades.<\/p>\n\n\n\n<figure class=\"wp-block-image size-full\"><img decoding=\"async\" width=\"479\" height=\"217\" src=\"https:\/\/podcafenews.com.br\/site\/wp-content\/uploads\/2025\/09\/VISTALAB-2.jpeg\" alt=\"\" class=\"wp-image-5539\" srcset=\"https:\/\/podcafenews.com.br\/site\/wp-content\/uploads\/2025\/09\/VISTALAB-2.jpeg 479w, https:\/\/podcafenews.com.br\/site\/wp-content\/uploads\/2025\/09\/VISTALAB-2-300x136.jpeg 300w\" sizes=\"(max-width: 479px) 100vw, 479px\" \/><\/figure>\n\n\n\n<p class=\"\"><\/p>\n\n\n\n<p class=\"\">Ap\u00f3s debate entre a administra\u00e7\u00e3o municipal e representantes da comercializa\u00e7\u00e3o de su\u00ednos e couro bovino, foram estabelecidas metas que dever\u00e3o ser cumpridas at\u00e9 o dia 31 de mar\u00e7o de 2026.<\/p>\n\n\n\n<p class=\"\"><strong>Entre as principais decis\u00f5es est\u00e1 o encerramento imediato do descarte de ossos e das atividades de curtume de couro nas depend\u00eancias do Curral da Matan\u00e7a, com prazo limite at\u00e9 15 de mar\u00e7o. Tamb\u00e9m ficou definido o in\u00edcio do processo de limpeza e despolui\u00e7\u00e3o de uma nascente localizada nas proximidades da \u00e1rea afetada.<\/strong><\/p>\n\n\n\n<figure class=\"wp-block-image size-large\"><img decoding=\"async\" width=\"576\" height=\"1024\" src=\"https:\/\/podcafenews.com.br\/site\/wp-content\/uploads\/2026\/03\/1002790712-576x1024.jpg\" alt=\"\" class=\"wp-image-7170\" srcset=\"https:\/\/podcafenews.com.br\/site\/wp-content\/uploads\/2026\/03\/1002790712-576x1024.jpg 576w, https:\/\/podcafenews.com.br\/site\/wp-content\/uploads\/2026\/03\/1002790712-169x300.jpg 169w, https:\/\/podcafenews.com.br\/site\/wp-content\/uploads\/2026\/03\/1002790712-768x1366.jpg 768w, https:\/\/podcafenews.com.br\/site\/wp-content\/uploads\/2026\/03\/1002790712-864x1536.jpg 864w, https:\/\/podcafenews.com.br\/site\/wp-content\/uploads\/2026\/03\/1002790712-750x1334.jpg 750w, https:\/\/podcafenews.com.br\/site\/wp-content\/uploads\/2026\/03\/1002790712.jpg 899w\" sizes=\"(max-width: 576px) 100vw, 576px\" \/><\/figure>\n\n\n\n<p class=\"\"><\/p>\n\n\n\n<p class=\"\">Outro ponto acordado foi a interrup\u00e7\u00e3o total do abate de su\u00ednos no local, devido \u00e0 inadequa\u00e7\u00e3o da estrutura \u00e0s normas da Vigil\u00e2ncia Sanit\u00e1ria e \u00e0s exig\u00eancias ambientais.<\/p>\n\n\n\n<p class=\"\">Durante a reuni\u00e3o, tamb\u00e9m foi discutida a identifica\u00e7\u00e3o de um novo espa\u00e7o na zona rural para a realiza\u00e7\u00e3o dessas atividades, respeitando crit\u00e9rios como o distanciamento de corpos h\u00eddricos e da comunidade local.<\/p>\n\n\n\n<figure class=\"wp-block-image size-full\"><img loading=\"lazy\" decoding=\"async\" width=\"727\" height=\"342\" src=\"https:\/\/podcafenews.com.br\/site\/wp-content\/uploads\/2026\/03\/1002790754.jpg\" alt=\"\" class=\"wp-image-7172\" srcset=\"https:\/\/podcafenews.com.br\/site\/wp-content\/uploads\/2026\/03\/1002790754.jpg 727w, https:\/\/podcafenews.com.br\/site\/wp-content\/uploads\/2026\/03\/1002790754-300x141.jpg 300w\" sizes=\"(max-width: 727px) 100vw, 727px\" \/><\/figure>\n\n\n\n<p class=\"\"><\/p>\n\n\n\n<p class=\"\">As medidas buscam reduzir impactos ambientais, garantir melhores condi\u00e7\u00f5es sanit\u00e1rias e adequar as atividades \u00e0s normas legais vigentes. A ata da reuni\u00e3o foi encerrada ap\u00f3s leitura e aprova\u00e7\u00e3o dos presentes, que dever\u00e3o acompanhar o cumprimento das determina\u00e7\u00f5es estabelecidas.<\/p>\n\n\n\n<p class=\"\"><\/p>\n","protected":false},"excerpt":{"rendered":"<p>Uma reuni\u00e3o realizada na tarde desta segunda-feira (9), no gabinete da Prefeitura de Itanh\u00e9m, definiu uma s\u00e9rie de medidas voltadas \u00e0 readequa\u00e7\u00e3o ambiental da \u00e1rea conhecida como Curral da Matan\u00e7a. O encontro teve como principal pauta a desativa\u00e7\u00e3o das atividades de abate de su\u00ednos e do curtume de couros no local. A decis\u00e3o da Prefeitura [&hellip;]<\/p>\n","protected":false},"author":1,"featured_media":7170,"comment_status":"open","ping_status":"open","sticky":false,"template":"","format":"standard","meta":{"nf_dc_page":"","footnotes":""},"categories":[81],"tags":[],"class_list":["post-7169","post","type-post","status-publish","format-standard","has-post-thumbnail","hentry","category-meio-ambiente"],"yoast_head":"<!-- This site is optimized with the Yoast SEO Premium plugin v26.5 (Yoast SEO v27.4) - https:\/\/yoast.com\/product\/yoast-seo-premium-wordpress\/ -->\n<title>Prefeitura de Itanh\u00e9m decide encerrar abate de su\u00ednos e curtume no Curral da Matan\u00e7a - PodCaf\u00e9 News<\/title>\n<meta name=\"robots\" content=\"index, follow, max-snippet:-1, max-image-preview:large, max-video-preview:-1\" \/>\n<link rel=\"canonical\" href=\"https:\/\/podcafenews.com.br\/site\/2026\/03\/09\/prefeitura-de-itanhem-decide-encerrar-abate-de-suinos-e-curtume-no-curral-da-matanca\/\" \/>\n<meta property=\"og:locale\" content=\"pt_BR\" \/>\n<meta property=\"og:type\" content=\"article\" \/>\n<meta property=\"og:title\" content=\"Prefeitura de Itanh\u00e9m decide encerrar abate de su\u00ednos e curtume no Curral da Matan\u00e7a\" \/>\n<meta property=\"og:description\" content=\"Uma reuni\u00e3o realizada na tarde desta segunda-feira (9), no gabinete da Prefeitura de Itanh\u00e9m, definiu uma s\u00e9rie de medidas voltadas \u00e0 readequa\u00e7\u00e3o ambiental da \u00e1rea conhecida como Curral da Matan\u00e7a. O encontro teve como principal pauta a desativa\u00e7\u00e3o das atividades de abate de su\u00ednos e do curtume de couros no local. A decis\u00e3o da Prefeitura [&hellip;]\" \/>\n<meta property=\"og:url\" content=\"https:\/\/podcafenews.com.br\/site\/2026\/03\/09\/prefeitura-de-itanhem-decide-encerrar-abate-de-suinos-e-curtume-no-curral-da-matanca\/\" \/>\n<meta property=\"og:site_name\" content=\"PodCaf\u00e9 News\" \/>\n<meta property=\"article:published_time\" content=\"2026-03-09T19:46:58+00:00\" \/>\n<meta property=\"article:modified_time\" content=\"2026-03-09T20:16:04+00:00\" \/>\n<meta property=\"og:image\" content=\"https:\/\/podcafenews.com.br\/site\/wp-content\/uploads\/2026\/03\/1002790712.jpg\" \/>\n\t<meta property=\"og:image:width\" content=\"899\" \/>\n\t<meta property=\"og:image:height\" content=\"1599\" \/>\n\t<meta property=\"og:image:type\" content=\"image\/jpeg\" \/>\n<meta name=\"author\" content=\"Jan Cl\u00e9sio Pires\" \/>\n<meta name=\"twitter:card\" content=\"summary_large_image\" \/>\n<meta name=\"twitter:label1\" content=\"Escrito por\" \/>\n\t<meta name=\"twitter:data1\" content=\"Jan Cl\u00e9sio Pires\" \/>\n\t<meta name=\"twitter:label2\" content=\"Est. tempo de leitura\" \/>\n\t<meta name=\"twitter:data2\" content=\"4 minutos\" \/>\n<script type=\"application\/ld+json\" class=\"yoast-schema-graph\">{\"@context\":\"https:\\\/\\\/schema.org\",\"@graph\":[{\"@type\":\"NewsArticle\",\"@id\":\"https:\\\/\\\/podcafenews.com.br\\\/site\\\/2026\\\/03\\\/09\\\/prefeitura-de-itanhem-decide-encerrar-abate-de-suinos-e-curtume-no-curral-da-matanca\\\/#article\",\"isPartOf\":{\"@id\":\"https:\\\/\\\/podcafenews.com.br\\\/site\\\/2026\\\/03\\\/09\\\/prefeitura-de-itanhem-decide-encerrar-abate-de-suinos-e-curtume-no-curral-da-matanca\\\/\"},\"author\":{\"name\":\"Jan Cl\u00e9sio Pires\",\"@id\":\"https:\\\/\\\/podcafenews.com.br\\\/site\\\/#\\\/schema\\\/person\\\/a1182c3822081a87fc294d4da23a6db2\"},\"headline\":\"Prefeitura de Itanh\u00e9m decide encerrar abate de su\u00ednos e curtume no Curral da Matan\u00e7a\",\"datePublished\":\"2026-03-09T19:46:58+00:00\",\"dateModified\":\"2026-03-09T20:16:04+00:00\",\"mainEntityOfPage\":{\"@id\":\"https:\\\/\\\/podcafenews.com.br\\\/site\\\/2026\\\/03\\\/09\\\/prefeitura-de-itanhem-decide-encerrar-abate-de-suinos-e-curtume-no-curral-da-matanca\\\/\"},\"wordCount\":470,\"commentCount\":0,\"publisher\":{\"@id\":\"https:\\\/\\\/podcafenews.com.br\\\/site\\\/#organization\"},\"image\":{\"@id\":\"https:\\\/\\\/podcafenews.com.br\\\/site\\\/2026\\\/03\\\/09\\\/prefeitura-de-itanhem-decide-encerrar-abate-de-suinos-e-curtume-no-curral-da-matanca\\\/#primaryimage\"},\"thumbnailUrl\":\"https:\\\/\\\/podcafenews.com.br\\\/site\\\/wp-content\\\/uploads\\\/2026\\\/03\\\/1002790712.jpg\",\"articleSection\":[\"MEIO AMBIENTE\"],\"inLanguage\":\"pt-BR\",\"potentialAction\":[{\"@type\":\"CommentAction\",\"name\":\"Comment\",\"target\":[\"https:\\\/\\\/podcafenews.com.br\\\/site\\\/2026\\\/03\\\/09\\\/prefeitura-de-itanhem-decide-encerrar-abate-de-suinos-e-curtume-no-curral-da-matanca\\\/#respond\"]}]},{\"@type\":\"WebPage\",\"@id\":\"https:\\\/\\\/podcafenews.com.br\\\/site\\\/2026\\\/03\\\/09\\\/prefeitura-de-itanhem-decide-encerrar-abate-de-suinos-e-curtume-no-curral-da-matanca\\\/\",\"url\":\"https:\\\/\\\/podcafenews.com.br\\\/site\\\/2026\\\/03\\\/09\\\/prefeitura-de-itanhem-decide-encerrar-abate-de-suinos-e-curtume-no-curral-da-matanca\\\/\",\"name\":\"Prefeitura de Itanh\u00e9m decide encerrar abate de su\u00ednos e curtume no Curral da Matan\u00e7a - PodCaf\u00e9 News\",\"isPartOf\":{\"@id\":\"https:\\\/\\\/podcafenews.com.br\\\/site\\\/#website\"},\"primaryImageOfPage\":{\"@id\":\"https:\\\/\\\/podcafenews.com.br\\\/site\\\/2026\\\/03\\\/09\\\/prefeitura-de-itanhem-decide-encerrar-abate-de-suinos-e-curtume-no-curral-da-matanca\\\/#primaryimage\"},\"image\":{\"@id\":\"https:\\\/\\\/podcafenews.com.br\\\/site\\\/2026\\\/03\\\/09\\\/prefeitura-de-itanhem-decide-encerrar-abate-de-suinos-e-curtume-no-curral-da-matanca\\\/#primaryimage\"},\"thumbnailUrl\":\"https:\\\/\\\/podcafenews.com.br\\\/site\\\/wp-content\\\/uploads\\\/2026\\\/03\\\/1002790712.jpg\",\"datePublished\":\"2026-03-09T19:46:58+00:00\",\"dateModified\":\"2026-03-09T20:16:04+00:00\",\"breadcrumb\":{\"@id\":\"https:\\\/\\\/podcafenews.com.br\\\/site\\\/2026\\\/03\\\/09\\\/prefeitura-de-itanhem-decide-encerrar-abate-de-suinos-e-curtume-no-curral-da-matanca\\\/#breadcrumb\"},\"inLanguage\":\"pt-BR\",\"potentialAction\":[{\"@type\":\"ReadAction\",\"target\":[\"https:\\\/\\\/podcafenews.com.br\\\/site\\\/2026\\\/03\\\/09\\\/prefeitura-de-itanhem-decide-encerrar-abate-de-suinos-e-curtume-no-curral-da-matanca\\\/\"]}]},{\"@type\":\"ImageObject\",\"inLanguage\":\"pt-BR\",\"@id\":\"https:\\\/\\\/podcafenews.com.br\\\/site\\\/2026\\\/03\\\/09\\\/prefeitura-de-itanhem-decide-encerrar-abate-de-suinos-e-curtume-no-curral-da-matanca\\\/#primaryimage\",\"url\":\"https:\\\/\\\/podcafenews.com.br\\\/site\\\/wp-content\\\/uploads\\\/2026\\\/03\\\/1002790712.jpg\",\"contentUrl\":\"https:\\\/\\\/podcafenews.com.br\\\/site\\\/wp-content\\\/uploads\\\/2026\\\/03\\\/1002790712.jpg\",\"width\":899,\"height\":1599},{\"@type\":\"BreadcrumbList\",\"@id\":\"https:\\\/\\\/podcafenews.com.br\\\/site\\\/2026\\\/03\\\/09\\\/prefeitura-de-itanhem-decide-encerrar-abate-de-suinos-e-curtume-no-curral-da-matanca\\\/#breadcrumb\",\"itemListElement\":[{\"@type\":\"ListItem\",\"position\":1,\"name\":\"In\u00edcio\",\"item\":\"https:\\\/\\\/podcafenews.com.br\\\/site\\\/\"},{\"@type\":\"ListItem\",\"position\":2,\"name\":\"Prefeitura de Itanh\u00e9m decide encerrar abate de su\u00ednos e curtume no Curral da Matan\u00e7a\"}]},{\"@type\":\"WebSite\",\"@id\":\"https:\\\/\\\/podcafenews.com.br\\\/site\\\/#website\",\"url\":\"https:\\\/\\\/podcafenews.com.br\\\/site\\\/\",\"name\":\"PodCaf\u00e9 News\",\"description\":\"De Itanh\u00e9m para o mundo\",\"publisher\":{\"@id\":\"https:\\\/\\\/podcafenews.com.br\\\/site\\\/#organization\"},\"potentialAction\":[{\"@type\":\"SearchAction\",\"target\":{\"@type\":\"EntryPoint\",\"urlTemplate\":\"https:\\\/\\\/podcafenews.com.br\\\/site\\\/?s={search_term_string}\"},\"query-input\":{\"@type\":\"PropertyValueSpecification\",\"valueRequired\":true,\"valueName\":\"search_term_string\"}}],\"inLanguage\":\"pt-BR\"},{\"@type\":\"Organization\",\"@id\":\"https:\\\/\\\/podcafenews.com.br\\\/site\\\/#organization\",\"name\":\"PodCaf\u00e9 News\",\"url\":\"https:\\\/\\\/podcafenews.com.br\\\/site\\\/\",\"logo\":{\"@type\":\"ImageObject\",\"inLanguage\":\"pt-BR\",\"@id\":\"https:\\\/\\\/podcafenews.com.br\\\/site\\\/#\\\/schema\\\/logo\\\/image\\\/\",\"url\":\"https:\\\/\\\/podcafenews.com.br\\\/site\\\/wp-content\\\/uploads\\\/2025\\\/02\\\/logomarca_podcafenews_preto.png\",\"contentUrl\":\"https:\\\/\\\/podcafenews.com.br\\\/site\\\/wp-content\\\/uploads\\\/2025\\\/02\\\/logomarca_podcafenews_preto.png\",\"width\":2128,\"height\":594,\"caption\":\"PodCaf\u00e9 News\"},\"image\":{\"@id\":\"https:\\\/\\\/podcafenews.com.br\\\/site\\\/#\\\/schema\\\/logo\\\/image\\\/\"},\"sameAs\":[\"https:\\\/\\\/www.instagram.com\\\/podcafe_oficial\",\"https:\\\/\\\/www.youtube.com\\\/@PodCafe_oficial\"],\"description\":\"O Pod Caf\u00e9 News \u00e9 uma p\u00e1gina de not\u00edcias. Informa\u00e7\u00e3o e entretenimento de maneira \u00e1gil, leve e agrad\u00e1vel para o internauta.\",\"numberOfEmployees\":{\"@type\":\"QuantitativeValue\",\"minValue\":\"1\",\"maxValue\":\"10\"}},{\"@type\":\"Person\",\"@id\":\"https:\\\/\\\/podcafenews.com.br\\\/site\\\/#\\\/schema\\\/person\\\/a1182c3822081a87fc294d4da23a6db2\",\"name\":\"Jan Cl\u00e9sio Pires\",\"image\":{\"@type\":\"ImageObject\",\"inLanguage\":\"pt-BR\",\"@id\":\"https:\\\/\\\/secure.gravatar.com\\\/avatar\\\/000d9b341117d88687388bec1510d70739bbc7d8a41a6b66721a3c2d79c0b105?s=96&d=mm&r=g\",\"url\":\"https:\\\/\\\/secure.gravatar.com\\\/avatar\\\/000d9b341117d88687388bec1510d70739bbc7d8a41a6b66721a3c2d79c0b105?s=96&d=mm&r=g\",\"contentUrl\":\"https:\\\/\\\/secure.gravatar.com\\\/avatar\\\/000d9b341117d88687388bec1510d70739bbc7d8a41a6b66721a3c2d79c0b105?s=96&d=mm&r=g\",\"caption\":\"Jan Cl\u00e9sio Pires\"},\"description\":\"Formado em Administra\u00e7\u00e3o de Empresas com habilita\u00e7\u00e3o em Marketing pela FASB - Faculdades do Sul da Bahia (Teixeira de Freitas \u2013 Ba) e P\u00f3s Graduado em Gest\u00e3o da Comunica\u00e7\u00e3o e Marketing Institucional pela UCB \u2013 Universidade Castelo Branco (Rio de Janeiro \u2013 RJ)\",\"sameAs\":[\"https:\\\/\\\/podcafenews.com.br\\\/site\"],\"url\":\"https:\\\/\\\/podcafenews.com.br\\\/site\\\/author\\\/admin\\\/\"}]}<\/script>\n<!-- \/ Yoast SEO Premium plugin. -->","yoast_head_json":{"title":"Prefeitura de Itanh\u00e9m decide encerrar abate de su\u00ednos e curtume no Curral da Matan\u00e7a - PodCaf\u00e9 News","robots":{"index":"index","follow":"follow","max-snippet":"max-snippet:-1","max-image-preview":"max-image-preview:large","max-video-preview":"max-video-preview:-1"},"canonical":"https:\/\/podcafenews.com.br\/site\/2026\/03\/09\/prefeitura-de-itanhem-decide-encerrar-abate-de-suinos-e-curtume-no-curral-da-matanca\/","og_locale":"pt_BR","og_type":"article","og_title":"Prefeitura de Itanh\u00e9m decide encerrar abate de su\u00ednos e curtume no Curral da Matan\u00e7a","og_description":"Uma reuni\u00e3o realizada na tarde desta segunda-feira (9), no gabinete da Prefeitura de Itanh\u00e9m, definiu uma s\u00e9rie de medidas voltadas \u00e0 readequa\u00e7\u00e3o ambiental da \u00e1rea conhecida como Curral da Matan\u00e7a. O encontro teve como principal pauta a desativa\u00e7\u00e3o das atividades de abate de su\u00ednos e do curtume de couros no local. A decis\u00e3o da Prefeitura [&hellip;]","og_url":"https:\/\/podcafenews.com.br\/site\/2026\/03\/09\/prefeitura-de-itanhem-decide-encerrar-abate-de-suinos-e-curtume-no-curral-da-matanca\/","og_site_name":"PodCaf\u00e9 News","article_published_time":"2026-03-09T19:46:58+00:00","article_modified_time":"2026-03-09T20:16:04+00:00","og_image":[{"width":899,"height":1599,"url":"https:\/\/podcafenews.com.br\/site\/wp-content\/uploads\/2026\/03\/1002790712.jpg","type":"image\/jpeg"}],"author":"Jan Cl\u00e9sio Pires","twitter_card":"summary_large_image","twitter_misc":{"Escrito por":"Jan Cl\u00e9sio Pires","Est. tempo de leitura":"4 minutos"},"schema":{"@context":"https:\/\/schema.org","@graph":[{"@type":"NewsArticle","@id":"https:\/\/podcafenews.com.br\/site\/2026\/03\/09\/prefeitura-de-itanhem-decide-encerrar-abate-de-suinos-e-curtume-no-curral-da-matanca\/#article","isPartOf":{"@id":"https:\/\/podcafenews.com.br\/site\/2026\/03\/09\/prefeitura-de-itanhem-decide-encerrar-abate-de-suinos-e-curtume-no-curral-da-matanca\/"},"author":{"name":"Jan Cl\u00e9sio Pires","@id":"https:\/\/podcafenews.com.br\/site\/#\/schema\/person\/a1182c3822081a87fc294d4da23a6db2"},"headline":"Prefeitura de Itanh\u00e9m decide encerrar abate de su\u00ednos e curtume no Curral da Matan\u00e7a","datePublished":"2026-03-09T19:46:58+00:00","dateModified":"2026-03-09T20:16:04+00:00","mainEntityOfPage":{"@id":"https:\/\/podcafenews.com.br\/site\/2026\/03\/09\/prefeitura-de-itanhem-decide-encerrar-abate-de-suinos-e-curtume-no-curral-da-matanca\/"},"wordCount":470,"commentCount":0,"publisher":{"@id":"https:\/\/podcafenews.com.br\/site\/#organization"},"image":{"@id":"https:\/\/podcafenews.com.br\/site\/2026\/03\/09\/prefeitura-de-itanhem-decide-encerrar-abate-de-suinos-e-curtume-no-curral-da-matanca\/#primaryimage"},"thumbnailUrl":"https:\/\/podcafenews.com.br\/site\/wp-content\/uploads\/2026\/03\/1002790712.jpg","articleSection":["MEIO AMBIENTE"],"inLanguage":"pt-BR","potentialAction":[{"@type":"CommentAction","name":"Comment","target":["https:\/\/podcafenews.com.br\/site\/2026\/03\/09\/prefeitura-de-itanhem-decide-encerrar-abate-de-suinos-e-curtume-no-curral-da-matanca\/#respond"]}]},{"@type":"WebPage","@id":"https:\/\/podcafenews.com.br\/site\/2026\/03\/09\/prefeitura-de-itanhem-decide-encerrar-abate-de-suinos-e-curtume-no-curral-da-matanca\/","url":"https:\/\/podcafenews.com.br\/site\/2026\/03\/09\/prefeitura-de-itanhem-decide-encerrar-abate-de-suinos-e-curtume-no-curral-da-matanca\/","name":"Prefeitura de Itanh\u00e9m decide encerrar abate de su\u00ednos e curtume no Curral da Matan\u00e7a - PodCaf\u00e9 News","isPartOf":{"@id":"https:\/\/podcafenews.com.br\/site\/#website"},"primaryImageOfPage":{"@id":"https:\/\/podcafenews.com.br\/site\/2026\/03\/09\/prefeitura-de-itanhem-decide-encerrar-abate-de-suinos-e-curtume-no-curral-da-matanca\/#primaryimage"},"image":{"@id":"https:\/\/podcafenews.com.br\/site\/2026\/03\/09\/prefeitura-de-itanhem-decide-encerrar-abate-de-suinos-e-curtume-no-curral-da-matanca\/#primaryimage"},"thumbnailUrl":"https:\/\/podcafenews.com.br\/site\/wp-content\/uploads\/2026\/03\/1002790712.jpg","datePublished":"2026-03-09T19:46:58+00:00","dateModified":"2026-03-09T20:16:04+00:00","breadcrumb":{"@id":"https:\/\/podcafenews.com.br\/site\/2026\/03\/09\/prefeitura-de-itanhem-decide-encerrar-abate-de-suinos-e-curtume-no-curral-da-matanca\/#breadcrumb"},"inLanguage":"pt-BR","potentialAction":[{"@type":"ReadAction","target":["https:\/\/podcafenews.com.br\/site\/2026\/03\/09\/prefeitura-de-itanhem-decide-encerrar-abate-de-suinos-e-curtume-no-curral-da-matanca\/"]}]},{"@type":"ImageObject","inLanguage":"pt-BR","@id":"https:\/\/podcafenews.com.br\/site\/2026\/03\/09\/prefeitura-de-itanhem-decide-encerrar-abate-de-suinos-e-curtume-no-curral-da-matanca\/#primaryimage","url":"https:\/\/podcafenews.com.br\/site\/wp-content\/uploads\/2026\/03\/1002790712.jpg","contentUrl":"https:\/\/podcafenews.com.br\/site\/wp-content\/uploads\/2026\/03\/1002790712.jpg","width":899,"height":1599},{"@type":"BreadcrumbList","@id":"https:\/\/podcafenews.com.br\/site\/2026\/03\/09\/prefeitura-de-itanhem-decide-encerrar-abate-de-suinos-e-curtume-no-curral-da-matanca\/#breadcrumb","itemListElement":[{"@type":"ListItem","position":1,"name":"In\u00edcio","item":"https:\/\/podcafenews.com.br\/site\/"},{"@type":"ListItem","position":2,"name":"Prefeitura de Itanh\u00e9m decide encerrar abate de su\u00ednos e curtume no Curral da Matan\u00e7a"}]},{"@type":"WebSite","@id":"https:\/\/podcafenews.com.br\/site\/#website","url":"https:\/\/podcafenews.com.br\/site\/","name":"PodCaf\u00e9 News","description":"De Itanh\u00e9m para o mundo","publisher":{"@id":"https:\/\/podcafenews.com.br\/site\/#organization"},"potentialAction":[{"@type":"SearchAction","target":{"@type":"EntryPoint","urlTemplate":"https:\/\/podcafenews.com.br\/site\/?s={search_term_string}"},"query-input":{"@type":"PropertyValueSpecification","valueRequired":true,"valueName":"search_term_string"}}],"inLanguage":"pt-BR"},{"@type":"Organization","@id":"https:\/\/podcafenews.com.br\/site\/#organization","name":"PodCaf\u00e9 News","url":"https:\/\/podcafenews.com.br\/site\/","logo":{"@type":"ImageObject","inLanguage":"pt-BR","@id":"https:\/\/podcafenews.com.br\/site\/#\/schema\/logo\/image\/","url":"https:\/\/podcafenews.com.br\/site\/wp-content\/uploads\/2025\/02\/logomarca_podcafenews_preto.png","contentUrl":"https:\/\/podcafenews.com.br\/site\/wp-content\/uploads\/2025\/02\/logomarca_podcafenews_preto.png","width":2128,"height":594,"caption":"PodCaf\u00e9 News"},"image":{"@id":"https:\/\/podcafenews.com.br\/site\/#\/schema\/logo\/image\/"},"sameAs":["https:\/\/www.instagram.com\/podcafe_oficial","https:\/\/www.youtube.com\/@PodCafe_oficial"],"description":"O Pod Caf\u00e9 News \u00e9 uma p\u00e1gina de not\u00edcias. Informa\u00e7\u00e3o e entretenimento de maneira \u00e1gil, leve e agrad\u00e1vel para o internauta.","numberOfEmployees":{"@type":"QuantitativeValue","minValue":"1","maxValue":"10"}},{"@type":"Person","@id":"https:\/\/podcafenews.com.br\/site\/#\/schema\/person\/a1182c3822081a87fc294d4da23a6db2","name":"Jan Cl\u00e9sio Pires","image":{"@type":"ImageObject","inLanguage":"pt-BR","@id":"https:\/\/secure.gravatar.com\/avatar\/000d9b341117d88687388bec1510d70739bbc7d8a41a6b66721a3c2d79c0b105?s=96&d=mm&r=g","url":"https:\/\/secure.gravatar.com\/avatar\/000d9b341117d88687388bec1510d70739bbc7d8a41a6b66721a3c2d79c0b105?s=96&d=mm&r=g","contentUrl":"https:\/\/secure.gravatar.com\/avatar\/000d9b341117d88687388bec1510d70739bbc7d8a41a6b66721a3c2d79c0b105?s=96&d=mm&r=g","caption":"Jan Cl\u00e9sio Pires"},"description":"Formado em Administra\u00e7\u00e3o de Empresas com habilita\u00e7\u00e3o em Marketing pela FASB - Faculdades do Sul da Bahia (Teixeira de Freitas \u2013 Ba) e P\u00f3s Graduado em Gest\u00e3o da Comunica\u00e7\u00e3o e Marketing Institucional pela UCB \u2013 Universidade Castelo Branco (Rio de Janeiro \u2013 RJ)","sameAs":["https:\/\/podcafenews.com.br\/site"],"url":"https:\/\/podcafenews.com.br\/site\/author\/admin\/"}]}},"_links":{"self":[{"href":"https:\/\/podcafenews.com.br\/site\/wp-json\/wp\/v2\/posts\/7169","targetHints":{"allow":["GET"]}}],"collection":[{"href":"https:\/\/podcafenews.com.br\/site\/wp-json\/wp\/v2\/posts"}],"about":[{"href":"https:\/\/podcafenews.com.br\/site\/wp-json\/wp\/v2\/types\/post"}],"author":[{"embeddable":true,"href":"https:\/\/podcafenews.com.br\/site\/wp-json\/wp\/v2\/users\/1"}],"replies":[{"embeddable":true,"href":"https:\/\/podcafenews.com.br\/site\/wp-json\/wp\/v2\/comments?post=7169"}],"version-history":[{"count":5,"href":"https:\/\/podcafenews.com.br\/site\/wp-json\/wp\/v2\/posts\/7169\/revisions"}],"predecessor-version":[{"id":7180,"href":"https:\/\/podcafenews.com.br\/site\/wp-json\/wp\/v2\/posts\/7169\/revisions\/7180"}],"wp:featuredmedia":[{"embeddable":true,"href":"https:\/\/podcafenews.com.br\/site\/wp-json\/wp\/v2\/media\/7170"}],"wp:attachment":[{"href":"https:\/\/podcafenews.com.br\/site\/wp-json\/wp\/v2\/media?parent=7169"}],"wp:term":[{"taxonomy":"category","embeddable":true,"href":"https:\/\/podcafenews.com.br\/site\/wp-json\/wp\/v2\/categories?post=7169"},{"taxonomy":"post_tag","embeddable":true,"href":"https:\/\/podcafenews.com.br\/site\/wp-json\/wp\/v2\/tags?post=7169"}],"curies":[{"name":"wp","href":"https:\/\/api.w.org\/{rel}","templated":true}]}}